{"id":7900,"date":"2024-07-11T15:31:16","date_gmt":"2024-07-11T13:31:16","guid":{"rendered":"https:\/\/gymnasium-eckhorst.de\/homepage\/?p=7900"},"modified":"2024-07-12T16:49:43","modified_gmt":"2024-07-12T14:49:43","slug":"reb-trip-2024","status":"publish","type":"post","link":"https:\/\/gymnasium-eckhorst.de\/homepage\/2024\/07\/11\/reb-trip-2024\/","title":{"rendered":"REB-Trip 2024"},"content":{"rendered":"\n<p>Vom 13. bis 15 Juni fand bei uns am Eckhorst der diesj\u00e4hrige REBtrip der beiden Medien-AGs statt. In diesen drei Projekttagen drehte sich bei unserem Schulradio alles um das frisch eingerichtete, neue Sendestudio, w\u00e4hrend sich unser Schulfernsehen vor allem auf Technik und die Perspektiven der Bildgestaltung konzentrierte.<\/p>\n\n\n\n<p>Geplant und durchgef\u00fchrt wurde der REBtrip haupts\u00e4chlich durch unsere Medien-Bufdis Helena und Felix, die sich zum Ende ihres Freiwilligendienstes mit den Projekttagen auch von \u201eihren\u201c Redaktionen verabschieden wollten.<\/p>\n\n\n\n<p>Am Donnerstag hie\u00df es f\u00fcr REB endlich \u201eraus aus der Kiste und rein ins neue Studio\u201c! Das \u00dcbergangsstudio im Kartenraum konnte nach knapp einem Schuljahr abgebaut werden und die Redaktion hatte das erste mal die M\u00f6glichkeit, die neue Sendetechnik auszuprobieren. REBtv machte sich w\u00e4hrenddessen auf den Weg in die Hamburger Hafencity. Dort angekommen begann die Suche der einzelnen Kleingruppen nach der perfekten Location f\u00fcr ihr jeweiliges Perspektiv-Shooting. Das Ziel: Interessante Blickwinkel in der Hafencity finden, um daraus anschlie\u00dfend eine Fotostory zu schneiden.<\/p>\n\n\n\n<p>Am zweiten Projekttag startete Radio Eckhorst in die eigentliche Produktion. Bis zum Samstagmittag sollten vier Sendestunden entstehen, die in einzelnen Teams vorbereitet wurden. Der Tag wurde anschlie\u00dfend also mit Planung, Moderation und Schnitt verbracht. Auch REBtv verschwand f\u00fcr diesen Tag f\u00fcr Schnittarbeit und die Postproduction, um im Filmraum an den Perspektiv-Filmen zu arbeiten.&nbsp;<\/p>\n\n\n\n<p>Am Freitagabend stand au\u00dferdem eines der Highlights des REBtrips an: Fu\u00dfball! Nach einem gemeinsamen Grill-Abend in entsprechenden Fan-Outfits wurden die Sofas und Sitzs\u00e4cke im Filmraum aufgebaut und unsere Nationalmannschaft beim Spiel gegen Schottland tatkr\u00e4ftig angefeuert. Der 5:1 Erfolg sorgte f\u00fcr eine denkbar ausgelassene Stimmung.<\/p>\n\n\n\n<p>An Tag 3 hei\u00df es f\u00fcr beide Reaktionen: Endspurt! Die Radioredaktion bereitete neben den vier aufgezeichneten Sendestunden auch noch die allererste Livesendung in der AG-Geschichte vor. Die Sendung bei L\u00fcbeckFM, moderiert von Marie und Jakob, lief reibungslos \u00fcber die Antenne &#8211; dank der gro\u00dfartigen Gemeinschaftsleistung aller AG-Mitglieder.<\/p>\n\n\n\n<p>Bei REBtv wurde nach der Pr\u00e4sentation und einer Abstimmung aller Teilnehmenden ganz in REBtrip-Manier der REBI f\u00fcr den Besten Video-Beitrag verliehen. Herzlichen Gl\u00fcckwunsch an Henrik, Markus, Lara, Helena und Milo, die mit ihren Bildern aus Hamburg \u00fcberzeugen konnten.<\/p>\n\n\n\n<p>W\u00e4hrend es f\u00fcr die REBtvler ab nun in den entspannten Teil des Tages, mit Essen und gemeinsamen Spiele-Abend \u00fcberging, hatten die REBler noch die Aufzeichnung der weiteren Sendestunden auf dem Plan. Trotzdem nutzten beide Redaktionen die Zeit gemeinsam auch dazu, den letzten Abend des diesj\u00e4hrigen REBtrips entspannt ausklingen zu lassen.<\/p>\n\n\n\n<p><em>Felix Tamm und Helena Wolgast<\/em><\/p>\n\n\n\n<figure class=\"wp-block-gallery alignwide has-nested-images columns-default is-cropped wp-block-gallery-1 is-layout-flex wp-block-gallery-is-layout-flex\">\n<figure class=\"wp-block-image size-large\"><img fetchpriority=\"high\" decoding=\"async\" width=\"1024\" height=\"768\" data-id=\"7915\" src=\"https:\/\/gymnasium-eckhorst.de\/homepage\/wp-content\/uploads\/2024\/07\/20240613_144912-1024x768.jpg\" alt=\"\" class=\"wp-image-7915\" srcset=\"https:\/\/gymnasium-eckhorst.de\/homepage\/wp-content\/uploads\/2024\/07\/20240613_144912-1024x768.jpg 1024w, https:\/\/gymnasium-eckhorst.de\/homepage\/wp-content\/uploads\/2024\/07\/20240613_144912-300x225.jpg 300w, https:\/\/gymnasium-eckhorst.de\/homepage\/wp-content\/uploads\/2024\/07\/20240613_144912-768x576.jpg 768w, https:\/\/gymnasium-eckhorst.de\/homepage\/wp-content\/uploads\/2024\/07\/20240613_144912-1536x1152.jpg 1536w, https:\/\/gymnasium-eckhorst.de\/homepage\/wp-content\/uploads\/2024\/07\/20240613_144912-2048x1536.jpg 2048w, https:\/\/gymnasium-eckhorst.de\/homepage\/wp-content\/uploads\/2024\/07\/20240613_144912-1200x900.jpg 1200w, https:\/\/gymnasium-eckhorst.de\/homepage\/wp-content\/uploads\/2024\/07\/20240613_144912-1980x1485.jpg 1980w\" sizes=\"(max-width: 1024px) 100vw, 1024px\" \/><\/figure>\n\n\n\n<figure class=\"wp-block-image size-large\"><img decoding=\"async\" width=\"1024\" height=\"683\" data-id=\"7916\" src=\"https:\/\/gymnasium-eckhorst.de\/homepage\/wp-content\/uploads\/2024\/07\/DSC00276-1024x683.jpg\" alt=\"\" class=\"wp-image-7916\" srcset=\"https:\/\/gymnasium-eckhorst.de\/homepage\/wp-content\/uploads\/2024\/07\/DSC00276-1024x683.jpg 1024w, https:\/\/gymnasium-eckhorst.de\/homepage\/wp-content\/uploads\/2024\/07\/DSC00276-300x200.jpg 300w, https:\/\/gymnasium-eckhorst.de\/homepage\/wp-content\/uploads\/2024\/07\/DSC00276-768x512.jpg 768w, https:\/\/gymnasium-eckhorst.de\/homepage\/wp-content\/uploads\/2024\/07\/DSC00276-1536x1024.jpg 1536w, https:\/\/gymnasium-eckhorst.de\/homepage\/wp-content\/uploads\/2024\/07\/DSC00276-2048x1365.jpg 2048w, https:\/\/gymnasium-eckhorst.de\/homepage\/wp-content\/uploads\/2024\/07\/DSC00276-1200x800.jpg 1200w, https:\/\/gymnasium-eckhorst.de\/homepage\/wp-content\/uploads\/2024\/07\/DSC00276-1980x1320.jpg 1980w\" sizes=\"(max-width: 1024px) 100vw, 1024px\" \/><\/figure>\n\n\n\n<figure class=\"wp-block-image size-large\"><img decoding=\"async\" width=\"1024\" height=\"683\" data-id=\"7917\" src=\"https:\/\/gymnasium-eckhorst.de\/homepage\/wp-content\/uploads\/2024\/07\/DSC00357-1024x683.jpg\" alt=\"\" class=\"wp-image-7917\" srcset=\"https:\/\/gymnasium-eckhorst.de\/homepage\/wp-content\/uploads\/2024\/07\/DSC00357-1024x683.jpg 1024w, https:\/\/gymnasium-eckhorst.de\/homepage\/wp-content\/uploads\/2024\/07\/DSC00357-300x200.jpg 300w, https:\/\/gymnasium-eckhorst.de\/homepage\/wp-content\/uploads\/2024\/07\/DSC00357-768x512.jpg 768w, https:\/\/gymnasium-eckhorst.de\/homepage\/wp-content\/uploads\/2024\/07\/DSC00357-1536x1024.jpg 1536w, https:\/\/gymnasium-eckhorst.de\/homepage\/wp-content\/uploads\/2024\/07\/DSC00357-2048x1365.jpg 2048w, https:\/\/gymnasium-eckhorst.de\/homepage\/wp-content\/uploads\/2024\/07\/DSC00357-1200x800.jpg 1200w, https:\/\/gymnasium-eckhorst.de\/homepage\/wp-content\/uploads\/2024\/07\/DSC00357-1980x1320.jpg 1980w\" sizes=\"(max-width: 1024px) 100vw, 1024px\" \/><\/figure>\n\n\n\n<figure class=\"wp-block-image size-large\"><img loading=\"lazy\" decoding=\"async\" width=\"1024\" height=\"683\" data-id=\"7918\" src=\"https:\/\/gymnasium-eckhorst.de\/homepage\/wp-content\/uploads\/2024\/07\/DSC03147-1024x683.jpg\" alt=\"\" class=\"wp-image-7918\" srcset=\"https:\/\/gymnasium-eckhorst.de\/homepage\/wp-content\/uploads\/2024\/07\/DSC03147-1024x683.jpg 1024w, https:\/\/gymnasium-eckhorst.de\/homepage\/wp-content\/uploads\/2024\/07\/DSC03147-300x200.jpg 300w, https:\/\/gymnasium-eckhorst.de\/homepage\/wp-content\/uploads\/2024\/07\/DSC03147-768x512.jpg 768w, https:\/\/gymnasium-eckhorst.de\/homepage\/wp-content\/uploads\/2024\/07\/DSC03147-1536x1024.jpg 1536w, https:\/\/gymnasium-eckhorst.de\/homepage\/wp-content\/uploads\/2024\/07\/DSC03147-2048x1365.jpg 2048w, https:\/\/gymnasium-eckhorst.de\/homepage\/wp-content\/uploads\/2024\/07\/DSC03147-1200x800.jpg 1200w, https:\/\/gymnasium-eckhorst.de\/homepage\/wp-content\/uploads\/2024\/07\/DSC03147-1980x1320.jpg 1980w\" sizes=\"(max-width: 1024px) 100vw, 1024px\" \/><\/figure>\n\n\n\n<figure class=\"wp-block-image size-large\"><img loading=\"lazy\" decoding=\"async\" width=\"1024\" height=\"683\" data-id=\"7919\" src=\"https:\/\/gymnasium-eckhorst.de\/homepage\/wp-content\/uploads\/2024\/07\/DSC03157-1024x683.jpg\" alt=\"\" class=\"wp-image-7919\" srcset=\"https:\/\/gymnasium-eckhorst.de\/homepage\/wp-content\/uploads\/2024\/07\/DSC03157-1024x683.jpg 1024w, https:\/\/gymnasium-eckhorst.de\/homepage\/wp-content\/uploads\/2024\/07\/DSC03157-300x200.jpg 300w, https:\/\/gymnasium-eckhorst.de\/homepage\/wp-content\/uploads\/2024\/07\/DSC03157-768x512.jpg 768w, https:\/\/gymnasium-eckhorst.de\/homepage\/wp-content\/uploads\/2024\/07\/DSC03157-1536x1024.jpg 1536w, https:\/\/gymnasium-eckhorst.de\/homepage\/wp-content\/uploads\/2024\/07\/DSC03157-2048x1365.jpg 2048w, https:\/\/gymnasium-eckhorst.de\/homepage\/wp-content\/uploads\/2024\/07\/DSC03157-1200x800.jpg 1200w, https:\/\/gymnasium-eckhorst.de\/homepage\/wp-content\/uploads\/2024\/07\/DSC03157-1980x1320.jpg 1980w\" sizes=\"(max-width: 1024px) 100vw, 1024px\" \/><\/figure>\n<\/figure>\n","protected":false},"excerpt":{"rendered":"<p>Vom 13. bis 15 Juni fand bei uns am Eckhorst der diesj\u00e4hrige REBtrip der beiden Medien-AGs statt. In diesen drei Projekttagen drehte sich bei unserem Schulradio alles um das frisch eingerichtete, neue Sendestudio, w\u00e4hrend sich unser Schulfernsehen vor allem auf Technik und die Perspektiven der Bildgestaltung konzentrierte. Geplant und durchgef\u00fchrt wurde der REBtrip haupts\u00e4chlich durch [&hellip;]<\/p>\n","protected":false},"author":6,"featured_media":7919,"comment_status":"closed","ping_status":"closed","sticky":false,"template":"","format":"standard","meta":{"footnotes":""},"categories":[1],"tags":[],"class_list":["post-7900","post","type-post","status-publish","format-standard","has-post-thumbnail","hentry","category-allgemein"],"_links":{"self":[{"href":"https:\/\/gymnasium-eckhorst.de\/homepage\/wp-json\/wp\/v2\/posts\/7900","targetHints":{"allow":["GET"]}}],"collection":[{"href":"https:\/\/gymnasium-eckhorst.de\/homepage\/wp-json\/wp\/v2\/posts"}],"about":[{"href":"https:\/\/gymnasium-eckhorst.de\/homepage\/wp-json\/wp\/v2\/types\/post"}],"author":[{"embeddable":true,"href":"https:\/\/gymnasium-eckhorst.de\/homepage\/wp-json\/wp\/v2\/users\/6"}],"replies":[{"embeddable":true,"href":"https:\/\/gymnasium-eckhorst.de\/homepage\/wp-json\/wp\/v2\/comments?post=7900"}],"version-history":[{"count":3,"href":"https:\/\/gymnasium-eckhorst.de\/homepage\/wp-json\/wp\/v2\/posts\/7900\/revisions"}],"predecessor-version":[{"id":7921,"href":"https:\/\/gymnasium-eckhorst.de\/homepage\/wp-json\/wp\/v2\/posts\/7900\/revisions\/7921"}],"wp:featuredmedia":[{"embeddable":true,"href":"https:\/\/gymnasium-eckhorst.de\/homepage\/wp-json\/wp\/v2\/media\/7919"}],"wp:attachment":[{"href":"https:\/\/gymnasium-eckhorst.de\/homepage\/wp-json\/wp\/v2\/media?parent=7900"}],"wp:term":[{"taxonomy":"category","embeddable":true,"href":"https:\/\/gymnasium-eckhorst.de\/homepage\/wp-json\/wp\/v2\/categories?post=7900"},{"taxonomy":"post_tag","embeddable":true,"href":"https:\/\/gymnasium-eckhorst.de\/homepage\/wp-json\/wp\/v2\/tags?post=7900"}],"curies":[{"name":"wp","href":"https:\/\/api.w.org\/{rel}","templated":true}]}}