{"id":7834,"date":"2024-07-02T19:04:58","date_gmt":"2024-07-02T17:04:58","guid":{"rendered":"https:\/\/gymnasium-eckhorst.de\/homepage\/?p=7834"},"modified":"2026-04-27T12:40:53","modified_gmt":"2026-04-27T10:40:53","slug":"studienfahrt-toskana-2024","status":"publish","type":"post","link":"https:\/\/gymnasium-eckhorst.de\/homepage\/2024\/07\/02\/studienfahrt-toskana-2024\/","title":{"rendered":"Studienfahrt Toskana 2024"},"content":{"rendered":"\n<p>Vom 21.05. bis 27.05.2024 verschlug es 18 Sch\u00fclerinnen und Sch\u00fcler unseres Q1-Jahrganges gemeinsam mit Frau Albers und Herrn Risse nach Italien in die kulturell und landschaftlich einzigartige Region der Toskana.\u00a0<\/p>\n\n\n\n<p><strong>TAG 1 (Di, 21.05.):<\/strong><\/p>\n\n\n\n<p>Am Dienstag nach Pfingsten ging es abends gegen 20:00 Uhr mit dem Reisebus los. Uns stand eine 20-st\u00fcndige Fahrt durch ganz Deutschland und die Schweiz bevor, die wir zum gro\u00dfen Teil mit gemeinsamen Jam-Sessions und Gesellschaftsspielen verbrachten. Wie erwartet, gestaltete sich das Schlafen im Reisebus als gew\u00f6hnungsbed\u00fcrftig, sodass es einige Stunden dauerte, bis man eine einigerma\u00dfen bequeme Schlafposition gefunden hatte. Der R\u00fccken dankte es einem am n\u00e4chsten Tag trotzdem nicht&#8230; Highlight der Fahrt war ganz sicher der abendliche Stopp beim \u201egoldenen M\u201c \ud83d\ude09<\/p>\n\n\n\n<p><strong>TAG 2 (Mi, 22.05.):&nbsp;<\/strong><\/p>\n\n\n\n<p>Am Mittwochnachmittag kamen wir p\u00fcnktlich gegen 16:00 Uhr in unserer Unterkunft, der Campinganlage \u201eCamping Paradiso\u201c im idyllischen Torre del Lago Puccini, dem Geburtsort des ber\u00fchmten Opernkomponisten Giacomo Puccini, an. Dort wurden zuerst die Bungalows bezogen und anschlie\u00dfend die Anlage erkundet. Danach gab es zum Abendessen im zugeh\u00f6rigen Restaurant typisch italienische Pizza, die uns mit teilweise sehr interessanten Bel\u00e4gen serviert wurde. Besonderer Beliebtheit erfreute sich zum Beispiel die Pommes-Pizza. Kurioserweise nahm die Lieferung an Pizzen, die die Kellner uns brachten, kein Ende, sodass wir am Ende alle pappsatt waren.\u00a0Nach dem Essen musste nat\u00fcrlich noch der Strand unter die Lupe genommen und ein erstes Erinnerungsfoto geschossen werden!<\/p>\n\n\n\n<p>Am dritten Tag unserer Reise unternahmen wir unseren ersten Ausflug in die Hauptstadt der Toskana: Florenz! Zum Gl\u00fcck stand uns der Reisebus, inklusive unseres sehr netten Fahrers Krzystof, die ganze Woche zur Verf\u00fcgung, sodass wir nur die letzte Strecke in die Innenstadt hinein mit der Stra\u00dfenbahn fahren mussten. In Florenz angekommen, trafen wir unseren Guide Leonardo, der uns eine zweist\u00fcndige Stadtf\u00fchrung gab, w\u00e4hrend der er uns einiges \u00fcber die wichtigsten Bauwerke der Stadt sowie \u00fcber die ber\u00fcchtigten Medici erz\u00e4hlte.\u00a0In der Mitte der F\u00fchrung musste nat\u00fcrlich noch ein Erinnerungsfoto vor der ber\u00fchmten\u00a0<em>Ponte Veccio<\/em>\u00a0geschossen werden.\u00a0<\/p>\n\n\n\n<p>Im Anschluss an die F\u00fchrung durften wir die Stadt auf eigene Faust erkunden, Fotos machen, Souvenirs kaufen und das unschlagbare italienische Eis kosten. Gegen 17:00 Uhr machten wir uns wieder auf den R\u00fcckweg, um in einem gr\u00f6\u00dferen Supermarkt f\u00fcr die Woche einzukaufen und in den Bungalows unser Abendessen zu kochen.\u00a0<\/p>\n\n\n\n<p><strong>TAG 4 (Fr, 24.05.):\u00a0<\/strong><\/p>\n\n\n\n<p>Der n\u00e4chste Tag f\u00fchrte uns zun\u00e4chst in die Hafenstadt La Spezia, von wo aus wir eine ganzt\u00e4gige Schifffahrt entlang der Cinque Terre unternahmen. Dies ist ein etwa zw\u00f6lf Kilometer langer K\u00fcstenstreifen der Italienischen Riviera, an dem sich die f\u00fcnf malerischen D\u00f6rfer Riomaggiore, Manarola, Corniglia, Vernazza und Monterosso al Mare entlang der steil abfallenden K\u00fcste aufreihen. Nach ca. zweieinhalb Stunden auf dem Boot war den meisten beim ersten Stopp in Vernazza dann aber doch ziemlich flau im Magen, sodass wir f\u00fcr den R\u00fcckweg umplanten.\u00a0<\/p>\n\n\n\n<p>Den weiteren Nachmittag durften die umliegenden K\u00fcstenst\u00e4dte auf eigene Initiative mit dem Zug sowie zu Fu\u00df erkundet werden. So blieb ein Teil der Gruppe noch eine Zeit in Vernazza, um nach der turbulenten Schifffahrt zur Ruhe zu kommen, w\u00e4hrend ein anderer Teil Manarolo besichtigte und der Rest direkt zur\u00fcck nach La Spezia fuhr, um dort den Nachmittag zu verbringen.\u00a0<\/p>\n\n\n\n<p>Neben Unmengen an Mitbringseln und Souvenirs wurde unter anderem auch eine 8kg schwere Wassermelone f\u00fcr 4\u20ac erwirtschaftet, die beim gemeinsamen Abendessen, bei dem alle Bungalows ihre Tische zu einer langen Tafel zusammenstellten, mit allen geteilt wurde.\u00a0<\/p>\n\n\n\n<p><strong>TAG 5 (Sa, 26.05.):\u00a0<\/strong><\/p>\n\n\n\n<p>Am Samstagvormittag brachte uns der Reisebus zum renommierten Weingut \u201eIl Poggio\u201c in Montecarlo, ein Familienunternehmen, das 1963 von der Familie Rossi gegr\u00fcndet wurde. Wir erhielten eine sehr kurzweilige F\u00fchrung von einer Weingutmitarbeiterin und ihrem riesigen Berner Sennenhund Bruno (definitiv der Main Charakter der Veranstaltung!), bei der wir Einblicke in die Herstellung des hauseigenen Weins und Oliven\u00f6ls bekamen.\u00a0<\/p>\n\n\n\n<p>Im Anschluss an einen kurzen Spaziergang durch die Weinberge gab es eine Verkostung traditionell italienischer Speisen. Nachdem wir uns die B\u00e4uche mit Bruschetta, Oliven\u00f6l, Oliven, K\u00e4se und Schinken vollgeschlagen hatten, ging es zur\u00fcck zur Campinganlage.\u00a0Den Rest des Tages verbrachten wir bei herrlichem Wetter am Strand, wo wir schon einmal unsere Kr\u00e4fte f\u00fcr die bevorstehende R\u00fcckfahrt am n\u00e4chsten Tag sammeln konnten.\u00a0\u00a0<\/p>\n\n\n\n<p><strong>TAG 6 (So, 27.05.):<\/strong><\/p>\n\n\n\n<p>Als letzten Programmpunkt ging es an unserem Abreisetag vormittags mit dem Zug in die nicht weitentfernte Metropole Pisa. Zwar mussten wir ungef\u00e4hr eine Dreiviertelstunde bis zum Bahnhof in Viareggio laufen, die Zugfahrt dauerte dann aber nur 20 Minuten, sodass wir bald vor dem schiefen Turm standen und dort unsere stereotypischen Touri-Fotos machen konnten.\u00a0Nach einem ausgiebigen Mittagessen, bei dem alle zum letzten Mal die unschlagbare italienische Pizza genossen, und ein bisschen Sightseeing ging es mit dem Zug zur\u00fcck nach Viareggio. Dort sammelte Krzystof uns gegen 15:00 Uhr mit dem Reisebus ein und wir traten die Heimreise an. Diesmal waren alle so ersch\u00f6pft, dass Frau Albers und Herr Risse schon nach einer halben Stunde keinen Mucks mehr im Bus h\u00f6rten.\u00a0<\/p>\n\n\n\n<p><strong>TAG 7 (Mo, 28.05.)<\/strong><\/p>\n\n\n\n<p>Die R\u00fcckfahrt gestaltete sich durch einige Staus leider etwas langwieriger als die Hinfahrt. Nach etwa 24 Stunden kamen wir dann aber gegen 14:00 Uhr am Montag wieder in Bargteheide an. So konnten wir bis zum Schulstart am Dienstag noch etwas Schlaf nachholen, wo das Fernweh nach diesem sch\u00f6nen Reiseziel sich schnell wieder einstellte\u2026&nbsp;<\/p>\n\n\n\n<p><strong>FAZIT<\/strong><\/p>\n\n\n\n<p>Unsere Studienfahrt in die Toskana war ein unvergessliches Erlebnis mit einer tollen Gemeinschaft, herrlichen Sommerabenden voller Lachen sowie einer einzigartigen Landschaft und Kultur. Wir nehmen wunderbare Eindr\u00fccke mit, an die wir uns bestimmt auch in ein paar Jahren noch gerne erinnern werden!\u00a0<\/p>\n\n\n\n<p><em>Mia Witte<\/em>, Q1b<\/p>\n\n\n\n<figure class=\"wp-block-gallery alignwide has-nested-images columns-default is-cropped wp-block-gallery-1 is-layout-flex wp-block-gallery-is-layout-flex\">\n<figure class=\"wp-block-image size-large\"><img fetchpriority=\"high\" decoding=\"async\" width=\"1024\" height=\"576\" data-id=\"7837\" src=\"https:\/\/gymnasium-eckhorst.de\/homepage\/wp-content\/uploads\/2024\/06\/Beachvolleyball-1024x576.jpg\" alt=\"\" class=\"wp-image-7837\" srcset=\"https:\/\/gymnasium-eckhorst.de\/homepage\/wp-content\/uploads\/2024\/06\/Beachvolleyball-1024x576.jpg 1024w, https:\/\/gymnasium-eckhorst.de\/homepage\/wp-content\/uploads\/2024\/06\/Beachvolleyball-300x169.jpg 300w, https:\/\/gymnasium-eckhorst.de\/homepage\/wp-content\/uploads\/2024\/06\/Beachvolleyball-768x432.jpg 768w, https:\/\/gymnasium-eckhorst.de\/homepage\/wp-content\/uploads\/2024\/06\/Beachvolleyball-1536x864.jpg 1536w, https:\/\/gymnasium-eckhorst.de\/homepage\/wp-content\/uploads\/2024\/06\/Beachvolleyball-1200x675.jpg 1200w, https:\/\/gymnasium-eckhorst.de\/homepage\/wp-content\/uploads\/2024\/06\/Beachvolleyball.jpg 1600w\" sizes=\"(max-width: 1024px) 100vw, 1024px\" \/><figcaption class=\"wp-element-caption\"><em>sehr beliebt: Beachvolleyball<\/em><\/figcaption><\/figure>\n\n\n\n<figure class=\"wp-block-image size-large\"><img decoding=\"async\" width=\"768\" height=\"1024\" data-id=\"7839\" src=\"https:\/\/gymnasium-eckhorst.de\/homepage\/wp-content\/uploads\/2024\/06\/Bruno-768x1024.jpg\" alt=\"\" class=\"wp-image-7839\" srcset=\"https:\/\/gymnasium-eckhorst.de\/homepage\/wp-content\/uploads\/2024\/06\/Bruno-768x1024.jpg 768w, https:\/\/gymnasium-eckhorst.de\/homepage\/wp-content\/uploads\/2024\/06\/Bruno-225x300.jpg 225w, https:\/\/gymnasium-eckhorst.de\/homepage\/wp-content\/uploads\/2024\/06\/Bruno-1152x1536.jpg 1152w, https:\/\/gymnasium-eckhorst.de\/homepage\/wp-content\/uploads\/2024\/06\/Bruno-1200x1600.jpg 1200w, https:\/\/gymnasium-eckhorst.de\/homepage\/wp-content\/uploads\/2024\/06\/Bruno.jpg 1500w\" sizes=\"(max-width: 768px) 100vw, 768px\" \/><figcaption class=\"wp-element-caption\"><em>Bruno<\/em><\/figcaption><\/figure>\n\n\n\n<figure class=\"wp-block-image size-large\"><img decoding=\"async\" width=\"1024\" height=\"768\" data-id=\"7840\" src=\"https:\/\/gymnasium-eckhorst.de\/homepage\/wp-content\/uploads\/2024\/06\/Essen-Bungalows-1024x768.jpg\" alt=\"\" class=\"wp-image-7840\" srcset=\"https:\/\/gymnasium-eckhorst.de\/homepage\/wp-content\/uploads\/2024\/06\/Essen-Bungalows-1024x768.jpg 1024w, https:\/\/gymnasium-eckhorst.de\/homepage\/wp-content\/uploads\/2024\/06\/Essen-Bungalows-300x225.jpg 300w, https:\/\/gymnasium-eckhorst.de\/homepage\/wp-content\/uploads\/2024\/06\/Essen-Bungalows-768x576.jpg 768w, https:\/\/gymnasium-eckhorst.de\/homepage\/wp-content\/uploads\/2024\/06\/Essen-Bungalows-1536x1152.jpg 1536w, https:\/\/gymnasium-eckhorst.de\/homepage\/wp-content\/uploads\/2024\/06\/Essen-Bungalows-2048x1536.jpg 2048w, https:\/\/gymnasium-eckhorst.de\/homepage\/wp-content\/uploads\/2024\/06\/Essen-Bungalows-1200x900.jpg 1200w, https:\/\/gymnasium-eckhorst.de\/homepage\/wp-content\/uploads\/2024\/06\/Essen-Bungalows-1980x1485.jpg 1980w\" sizes=\"(max-width: 1024px) 100vw, 1024px\" \/><figcaption class=\"wp-element-caption\"><em>Gemeinsames Abendessen vor den Bungalows<\/em><\/figcaption><\/figure>\n\n\n\n<figure class=\"wp-block-image size-large\"><img loading=\"lazy\" decoding=\"async\" width=\"768\" height=\"1024\" data-id=\"7835\" src=\"https:\/\/gymnasium-eckhorst.de\/homepage\/wp-content\/uploads\/2024\/06\/Essen-Pisa-768x1024.jpg\" alt=\"\" class=\"wp-image-7835\" srcset=\"https:\/\/gymnasium-eckhorst.de\/homepage\/wp-content\/uploads\/2024\/06\/Essen-Pisa-768x1024.jpg 768w, https:\/\/gymnasium-eckhorst.de\/homepage\/wp-content\/uploads\/2024\/06\/Essen-Pisa-225x300.jpg 225w, https:\/\/gymnasium-eckhorst.de\/homepage\/wp-content\/uploads\/2024\/06\/Essen-Pisa-1152x1536.jpg 1152w, https:\/\/gymnasium-eckhorst.de\/homepage\/wp-content\/uploads\/2024\/06\/Essen-Pisa.jpg 1200w\" sizes=\"(max-width: 768px) 100vw, 768px\" \/><figcaption class=\"wp-element-caption\"><em>Pizza in Pisa<\/em><\/figcaption><\/figure>\n\n\n\n<figure class=\"wp-block-image size-large\"><img loading=\"lazy\" decoding=\"async\" width=\"768\" height=\"1024\" data-id=\"7842\" src=\"https:\/\/gymnasium-eckhorst.de\/homepage\/wp-content\/uploads\/2024\/06\/Essen-Weingut-768x1024.jpg\" alt=\"\" class=\"wp-image-7842\" srcset=\"https:\/\/gymnasium-eckhorst.de\/homepage\/wp-content\/uploads\/2024\/06\/Essen-Weingut-768x1024.jpg 768w, https:\/\/gymnasium-eckhorst.de\/homepage\/wp-content\/uploads\/2024\/06\/Essen-Weingut-225x300.jpg 225w, https:\/\/gymnasium-eckhorst.de\/homepage\/wp-content\/uploads\/2024\/06\/Essen-Weingut-1152x1536.jpg 1152w, https:\/\/gymnasium-eckhorst.de\/homepage\/wp-content\/uploads\/2024\/06\/Essen-Weingut.jpg 1200w\" sizes=\"(max-width: 768px) 100vw, 768px\" \/><figcaption class=\"wp-element-caption\"><em>Verkostung Weingut \u201eIl Poggio\u201c<\/em><\/figcaption><\/figure>\n\n\n\n<figure class=\"wp-block-image size-large\"><img loading=\"lazy\" decoding=\"async\" width=\"768\" height=\"1024\" data-id=\"7844\" src=\"https:\/\/gymnasium-eckhorst.de\/homepage\/wp-content\/uploads\/2024\/06\/Florenz-1-768x1024.jpg\" alt=\"\" class=\"wp-image-7844\" srcset=\"https:\/\/gymnasium-eckhorst.de\/homepage\/wp-content\/uploads\/2024\/06\/Florenz-1-768x1024.jpg 768w, https:\/\/gymnasium-eckhorst.de\/homepage\/wp-content\/uploads\/2024\/06\/Florenz-1-225x300.jpg 225w, https:\/\/gymnasium-eckhorst.de\/homepage\/wp-content\/uploads\/2024\/06\/Florenz-1-1152x1536.jpg 1152w, https:\/\/gymnasium-eckhorst.de\/homepage\/wp-content\/uploads\/2024\/06\/Florenz-1-1536x2048.jpg 1536w, https:\/\/gymnasium-eckhorst.de\/homepage\/wp-content\/uploads\/2024\/06\/Florenz-1-1200x1600.jpg 1200w, https:\/\/gymnasium-eckhorst.de\/homepage\/wp-content\/uploads\/2024\/06\/Florenz-1-1980x2640.jpg 1980w, https:\/\/gymnasium-eckhorst.de\/homepage\/wp-content\/uploads\/2024\/06\/Florenz-1-scaled.jpg 1920w\" sizes=\"(max-width: 768px) 100vw, 768px\" \/><figcaption class=\"wp-element-caption\"><em>La Cattedrale Metropolitana di Santa Maria del Fiore in Florenz<\/em><\/figcaption><\/figure>\n\n\n\n<figure class=\"wp-block-image size-large\"><img loading=\"lazy\" decoding=\"async\" width=\"1024\" height=\"768\" data-id=\"7841\" src=\"https:\/\/gymnasium-eckhorst.de\/homepage\/wp-content\/uploads\/2024\/06\/IMG-20240617-WA0000-1024x768.jpg\" alt=\"\" class=\"wp-image-7841\" srcset=\"https:\/\/gymnasium-eckhorst.de\/homepage\/wp-content\/uploads\/2024\/06\/IMG-20240617-WA0000-1024x768.jpg 1024w, https:\/\/gymnasium-eckhorst.de\/homepage\/wp-content\/uploads\/2024\/06\/IMG-20240617-WA0000-300x225.jpg 300w, https:\/\/gymnasium-eckhorst.de\/homepage\/wp-content\/uploads\/2024\/06\/IMG-20240617-WA0000-768x576.jpg 768w, https:\/\/gymnasium-eckhorst.de\/homepage\/wp-content\/uploads\/2024\/06\/IMG-20240617-WA0000-1536x1152.jpg 1536w, https:\/\/gymnasium-eckhorst.de\/homepage\/wp-content\/uploads\/2024\/06\/IMG-20240617-WA0000-1200x900.jpg 1200w, https:\/\/gymnasium-eckhorst.de\/homepage\/wp-content\/uploads\/2024\/06\/IMG-20240617-WA0000.jpg 1600w\" sizes=\"(max-width: 1024px) 100vw, 1024px\" \/><\/figure>\n\n\n\n<figure class=\"wp-block-image size-large\"><img loading=\"lazy\" decoding=\"async\" width=\"1024\" height=\"768\" data-id=\"7847\" src=\"https:\/\/gymnasium-eckhorst.de\/homepage\/wp-content\/uploads\/2024\/06\/La-Spezia-1-1024x768.jpg\" alt=\"\" class=\"wp-image-7847\" srcset=\"https:\/\/gymnasium-eckhorst.de\/homepage\/wp-content\/uploads\/2024\/06\/La-Spezia-1-1024x768.jpg 1024w, https:\/\/gymnasium-eckhorst.de\/homepage\/wp-content\/uploads\/2024\/06\/La-Spezia-1-300x225.jpg 300w, https:\/\/gymnasium-eckhorst.de\/homepage\/wp-content\/uploads\/2024\/06\/La-Spezia-1-768x576.jpg 768w, https:\/\/gymnasium-eckhorst.de\/homepage\/wp-content\/uploads\/2024\/06\/La-Spezia-1-1536x1152.jpg 1536w, https:\/\/gymnasium-eckhorst.de\/homepage\/wp-content\/uploads\/2024\/06\/La-Spezia-1-2048x1536.jpg 2048w, https:\/\/gymnasium-eckhorst.de\/homepage\/wp-content\/uploads\/2024\/06\/La-Spezia-1-1200x900.jpg 1200w, https:\/\/gymnasium-eckhorst.de\/homepage\/wp-content\/uploads\/2024\/06\/La-Spezia-1-1980x1485.jpg 1980w\" sizes=\"(max-width: 1024px) 100vw, 1024px\" \/><figcaption class=\"wp-element-caption\"><em>La Spezia<\/em><\/figcaption><\/figure>\n\n\n\n<figure class=\"wp-block-image size-large\"><img loading=\"lazy\" decoding=\"async\" width=\"768\" height=\"1024\" data-id=\"7843\" src=\"https:\/\/gymnasium-eckhorst.de\/homepage\/wp-content\/uploads\/2024\/06\/Pizzaessen-Unterkunft-1-768x1024.jpg\" alt=\"\" class=\"wp-image-7843\" srcset=\"https:\/\/gymnasium-eckhorst.de\/homepage\/wp-content\/uploads\/2024\/06\/Pizzaessen-Unterkunft-1-768x1024.jpg 768w, https:\/\/gymnasium-eckhorst.de\/homepage\/wp-content\/uploads\/2024\/06\/Pizzaessen-Unterkunft-1-225x300.jpg 225w, https:\/\/gymnasium-eckhorst.de\/homepage\/wp-content\/uploads\/2024\/06\/Pizzaessen-Unterkunft-1-1152x1536.jpg 1152w, https:\/\/gymnasium-eckhorst.de\/homepage\/wp-content\/uploads\/2024\/06\/Pizzaessen-Unterkunft-1.jpg 1200w\" sizes=\"(max-width: 768px) 100vw, 768px\" \/><figcaption class=\"wp-element-caption\"><em>Abendliches Pizzaessen in der Unterkunft<\/em><\/figcaption><\/figure>\n\n\n\n<figure class=\"wp-block-image size-large\"><img loading=\"lazy\" decoding=\"async\" width=\"1024\" height=\"768\" data-id=\"7845\" src=\"https:\/\/gymnasium-eckhorst.de\/homepage\/wp-content\/uploads\/2024\/06\/Ponte-Vecchio-1-1024x768.jpg\" alt=\"\" class=\"wp-image-7845\" srcset=\"https:\/\/gymnasium-eckhorst.de\/homepage\/wp-content\/uploads\/2024\/06\/Ponte-Vecchio-1-1024x768.jpg 1024w, https:\/\/gymnasium-eckhorst.de\/homepage\/wp-content\/uploads\/2024\/06\/Ponte-Vecchio-1-300x225.jpg 300w, https:\/\/gymnasium-eckhorst.de\/homepage\/wp-content\/uploads\/2024\/06\/Ponte-Vecchio-1-768x576.jpg 768w, https:\/\/gymnasium-eckhorst.de\/homepage\/wp-content\/uploads\/2024\/06\/Ponte-Vecchio-1-1536x1152.jpg 1536w, https:\/\/gymnasium-eckhorst.de\/homepage\/wp-content\/uploads\/2024\/06\/Ponte-Vecchio-1-1200x900.jpg 1200w, https:\/\/gymnasium-eckhorst.de\/homepage\/wp-content\/uploads\/2024\/06\/Ponte-Vecchio-1-1980x1485.jpg 1980w, https:\/\/gymnasium-eckhorst.de\/homepage\/wp-content\/uploads\/2024\/06\/Ponte-Vecchio-1.jpg 2048w\" sizes=\"(max-width: 1024px) 100vw, 1024px\" \/><figcaption class=\"wp-element-caption\"><em>Gruppenfoto vor der Ponte Vecchio<\/em><\/figcaption><\/figure>\n\n\n\n<figure class=\"wp-block-image size-large\"><img loading=\"lazy\" decoding=\"async\" width=\"768\" height=\"1024\" data-id=\"7846\" src=\"https:\/\/gymnasium-eckhorst.de\/homepage\/wp-content\/uploads\/2024\/06\/Rast-1-768x1024.jpg\" alt=\"\" class=\"wp-image-7846\" srcset=\"https:\/\/gymnasium-eckhorst.de\/homepage\/wp-content\/uploads\/2024\/06\/Rast-1-768x1024.jpg 768w, https:\/\/gymnasium-eckhorst.de\/homepage\/wp-content\/uploads\/2024\/06\/Rast-1-225x300.jpg 225w, https:\/\/gymnasium-eckhorst.de\/homepage\/wp-content\/uploads\/2024\/06\/Rast-1-1152x1536.jpg 1152w, https:\/\/gymnasium-eckhorst.de\/homepage\/wp-content\/uploads\/2024\/06\/Rast-1.jpg 1200w\" sizes=\"(max-width: 768px) 100vw, 768px\" \/><figcaption class=\"wp-element-caption\"><em>Kurze Rast<\/em><\/figcaption><\/figure>\n\n\n\n<figure class=\"wp-block-image size-large\"><img loading=\"lazy\" decoding=\"async\" width=\"1024\" height=\"768\" data-id=\"7848\" src=\"https:\/\/gymnasium-eckhorst.de\/homepage\/wp-content\/uploads\/2024\/06\/Riomaggiore-1-1024x768.jpg\" alt=\"\" class=\"wp-image-7848\" srcset=\"https:\/\/gymnasium-eckhorst.de\/homepage\/wp-content\/uploads\/2024\/06\/Riomaggiore-1-1024x768.jpg 1024w, https:\/\/gymnasium-eckhorst.de\/homepage\/wp-content\/uploads\/2024\/06\/Riomaggiore-1-300x225.jpg 300w, https:\/\/gymnasium-eckhorst.de\/homepage\/wp-content\/uploads\/2024\/06\/Riomaggiore-1-768x576.jpg 768w, https:\/\/gymnasium-eckhorst.de\/homepage\/wp-content\/uploads\/2024\/06\/Riomaggiore-1-1536x1152.jpg 1536w, https:\/\/gymnasium-eckhorst.de\/homepage\/wp-content\/uploads\/2024\/06\/Riomaggiore-1-2048x1536.jpg 2048w, https:\/\/gymnasium-eckhorst.de\/homepage\/wp-content\/uploads\/2024\/06\/Riomaggiore-1-1200x900.jpg 1200w, https:\/\/gymnasium-eckhorst.de\/homepage\/wp-content\/uploads\/2024\/06\/Riomaggiore-1-1980x1485.jpg 1980w\" sizes=\"(max-width: 1024px) 100vw, 1024px\" \/><\/figure>\n\n\n\n<figure class=\"wp-block-image size-large\"><img loading=\"lazy\" decoding=\"async\" width=\"1024\" height=\"768\" data-id=\"7852\" src=\"https:\/\/gymnasium-eckhorst.de\/homepage\/wp-content\/uploads\/2024\/06\/StadtfAhrung-Florenz-1-1024x768.jpg\" alt=\"\" class=\"wp-image-7852\" srcset=\"https:\/\/gymnasium-eckhorst.de\/homepage\/wp-content\/uploads\/2024\/06\/StadtfAhrung-Florenz-1-1024x768.jpg 1024w, https:\/\/gymnasium-eckhorst.de\/homepage\/wp-content\/uploads\/2024\/06\/StadtfAhrung-Florenz-1-300x225.jpg 300w, https:\/\/gymnasium-eckhorst.de\/homepage\/wp-content\/uploads\/2024\/06\/StadtfAhrung-Florenz-1-768x576.jpg 768w, https:\/\/gymnasium-eckhorst.de\/homepage\/wp-content\/uploads\/2024\/06\/StadtfAhrung-Florenz-1-1536x1152.jpg 1536w, https:\/\/gymnasium-eckhorst.de\/homepage\/wp-content\/uploads\/2024\/06\/StadtfAhrung-Florenz-1-2048x1536.jpg 2048w, https:\/\/gymnasium-eckhorst.de\/homepage\/wp-content\/uploads\/2024\/06\/StadtfAhrung-Florenz-1-1200x900.jpg 1200w, https:\/\/gymnasium-eckhorst.de\/homepage\/wp-content\/uploads\/2024\/06\/StadtfAhrung-Florenz-1-1980x1485.jpg 1980w\" sizes=\"(max-width: 1024px) 100vw, 1024px\" \/><figcaption class=\"wp-element-caption\"><em>Stadtf\u00fchrung Florenz<\/em><\/figcaption><\/figure>\n\n\n\n<figure class=\"wp-block-image size-large\"><img loading=\"lazy\" decoding=\"async\" width=\"1024\" height=\"768\" data-id=\"7849\" src=\"https:\/\/gymnasium-eckhorst.de\/homepage\/wp-content\/uploads\/2024\/06\/Strand-abends-1-1-1024x768.jpg\" alt=\"\" class=\"wp-image-7849\" srcset=\"https:\/\/gymnasium-eckhorst.de\/homepage\/wp-content\/uploads\/2024\/06\/Strand-abends-1-1-1024x768.jpg 1024w, https:\/\/gymnasium-eckhorst.de\/homepage\/wp-content\/uploads\/2024\/06\/Strand-abends-1-1-300x225.jpg 300w, https:\/\/gymnasium-eckhorst.de\/homepage\/wp-content\/uploads\/2024\/06\/Strand-abends-1-1-768x576.jpg 768w, https:\/\/gymnasium-eckhorst.de\/homepage\/wp-content\/uploads\/2024\/06\/Strand-abends-1-1-1536x1152.jpg 1536w, https:\/\/gymnasium-eckhorst.de\/homepage\/wp-content\/uploads\/2024\/06\/Strand-abends-1-1-1200x900.jpg 1200w, https:\/\/gymnasium-eckhorst.de\/homepage\/wp-content\/uploads\/2024\/06\/Strand-abends-1-1.jpg 1600w\" sizes=\"(max-width: 1024px) 100vw, 1024px\" \/><figcaption class=\"wp-element-caption\"><em>Sonnenuntergang am Strand\u00a0\u00a0<\/em><\/figcaption><\/figure>\n\n\n\n<figure class=\"wp-block-image size-large\"><img loading=\"lazy\" decoding=\"async\" width=\"1024\" height=\"768\" data-id=\"7851\" src=\"https:\/\/gymnasium-eckhorst.de\/homepage\/wp-content\/uploads\/2024\/06\/Strand-1024x768.jpg\" alt=\"\" class=\"wp-image-7851\" srcset=\"https:\/\/gymnasium-eckhorst.de\/homepage\/wp-content\/uploads\/2024\/06\/Strand-1024x768.jpg 1024w, https:\/\/gymnasium-eckhorst.de\/homepage\/wp-content\/uploads\/2024\/06\/Strand-300x225.jpg 300w, https:\/\/gymnasium-eckhorst.de\/homepage\/wp-content\/uploads\/2024\/06\/Strand-768x576.jpg 768w, https:\/\/gymnasium-eckhorst.de\/homepage\/wp-content\/uploads\/2024\/06\/Strand-1536x1152.jpg 1536w, https:\/\/gymnasium-eckhorst.de\/homepage\/wp-content\/uploads\/2024\/06\/Strand-2048x1536.jpg 2048w, https:\/\/gymnasium-eckhorst.de\/homepage\/wp-content\/uploads\/2024\/06\/Strand-1200x900.jpg 1200w, https:\/\/gymnasium-eckhorst.de\/homepage\/wp-content\/uploads\/2024\/06\/Strand-1980x1485.jpg 1980w\" sizes=\"(max-width: 1024px) 100vw, 1024px\" \/><figcaption class=\"wp-element-caption\"><em>Strandidylle<\/em><\/figcaption><\/figure>\n\n\n\n<figure class=\"wp-block-image size-large\"><img loading=\"lazy\" decoding=\"async\" width=\"768\" height=\"1024\" data-id=\"7850\" src=\"https:\/\/gymnasium-eckhorst.de\/homepage\/wp-content\/uploads\/2024\/06\/Studienfahrtsgruppe-Toskana-1-768x1024.jpg\" alt=\"\" class=\"wp-image-7850\" srcset=\"https:\/\/gymnasium-eckhorst.de\/homepage\/wp-content\/uploads\/2024\/06\/Studienfahrtsgruppe-Toskana-1-768x1024.jpg 768w, https:\/\/gymnasium-eckhorst.de\/homepage\/wp-content\/uploads\/2024\/06\/Studienfahrtsgruppe-Toskana-1-225x300.jpg 225w, https:\/\/gymnasium-eckhorst.de\/homepage\/wp-content\/uploads\/2024\/06\/Studienfahrtsgruppe-Toskana-1-1152x1536.jpg 1152w, https:\/\/gymnasium-eckhorst.de\/homepage\/wp-content\/uploads\/2024\/06\/Studienfahrtsgruppe-Toskana-1-1200x1600.jpg 1200w, https:\/\/gymnasium-eckhorst.de\/homepage\/wp-content\/uploads\/2024\/06\/Studienfahrtsgruppe-Toskana-1.jpg 1500w\" sizes=\"(max-width: 768px) 100vw, 768px\" \/><figcaption class=\"wp-element-caption\"><em>Studienfahrtsgruppe Toskana<\/em><\/figcaption><\/figure>\n\n\n\n<figure class=\"wp-block-image size-large\"><img loading=\"lazy\" decoding=\"async\" width=\"768\" height=\"1024\" data-id=\"7853\" src=\"https:\/\/gymnasium-eckhorst.de\/homepage\/wp-content\/uploads\/2024\/06\/Touri-Pisa-2-768x1024.jpg\" alt=\"\" class=\"wp-image-7853\" srcset=\"https:\/\/gymnasium-eckhorst.de\/homepage\/wp-content\/uploads\/2024\/06\/Touri-Pisa-2-768x1024.jpg 768w, https:\/\/gymnasium-eckhorst.de\/homepage\/wp-content\/uploads\/2024\/06\/Touri-Pisa-2-225x300.jpg 225w, https:\/\/gymnasium-eckhorst.de\/homepage\/wp-content\/uploads\/2024\/06\/Touri-Pisa-2-1152x1536.jpg 1152w, https:\/\/gymnasium-eckhorst.de\/homepage\/wp-content\/uploads\/2024\/06\/Touri-Pisa-2.jpg 1200w\" sizes=\"(max-width: 768px) 100vw, 768px\" \/><figcaption class=\"wp-element-caption\"><em>Touri-Fotos Pisa\u00a0<\/em><\/figcaption><\/figure>\n\n\n\n<figure class=\"wp-block-image size-large\"><img loading=\"lazy\" decoding=\"async\" width=\"768\" height=\"1024\" data-id=\"7854\" src=\"https:\/\/gymnasium-eckhorst.de\/homepage\/wp-content\/uploads\/2024\/06\/Touri-Pisa-768x1024.jpg\" alt=\"\" class=\"wp-image-7854\" srcset=\"https:\/\/gymnasium-eckhorst.de\/homepage\/wp-content\/uploads\/2024\/06\/Touri-Pisa-768x1024.jpg 768w, https:\/\/gymnasium-eckhorst.de\/homepage\/wp-content\/uploads\/2024\/06\/Touri-Pisa-225x300.jpg 225w, https:\/\/gymnasium-eckhorst.de\/homepage\/wp-content\/uploads\/2024\/06\/Touri-Pisa-1152x1536.jpg 1152w, https:\/\/gymnasium-eckhorst.de\/homepage\/wp-content\/uploads\/2024\/06\/Touri-Pisa.jpg 1200w\" sizes=\"(max-width: 768px) 100vw, 768px\" \/><\/figure>\n\n\n\n<figure class=\"wp-block-image size-large\"><img loading=\"lazy\" decoding=\"async\" width=\"768\" height=\"1024\" data-id=\"7859\" src=\"https:\/\/gymnasium-eckhorst.de\/homepage\/wp-content\/uploads\/2024\/06\/Vernazza-2-768x1024.jpg\" alt=\"\" class=\"wp-image-7859\" srcset=\"https:\/\/gymnasium-eckhorst.de\/homepage\/wp-content\/uploads\/2024\/06\/Vernazza-2-768x1024.jpg 768w, https:\/\/gymnasium-eckhorst.de\/homepage\/wp-content\/uploads\/2024\/06\/Vernazza-2-225x300.jpg 225w, https:\/\/gymnasium-eckhorst.de\/homepage\/wp-content\/uploads\/2024\/06\/Vernazza-2-1152x1536.jpg 1152w, https:\/\/gymnasium-eckhorst.de\/homepage\/wp-content\/uploads\/2024\/06\/Vernazza-2-1536x2048.jpg 1536w, https:\/\/gymnasium-eckhorst.de\/homepage\/wp-content\/uploads\/2024\/06\/Vernazza-2-1200x1600.jpg 1200w, https:\/\/gymnasium-eckhorst.de\/homepage\/wp-content\/uploads\/2024\/06\/Vernazza-2-1980x2640.jpg 1980w, https:\/\/gymnasium-eckhorst.de\/homepage\/wp-content\/uploads\/2024\/06\/Vernazza-2-scaled.jpg 1920w\" sizes=\"(max-width: 768px) 100vw, 768px\" \/><figcaption class=\"wp-element-caption\"><em>Vernazza<\/em><\/figcaption><\/figure>\n\n\n\n<figure class=\"wp-block-image size-large\"><img loading=\"lazy\" decoding=\"async\" width=\"768\" height=\"1024\" data-id=\"7857\" src=\"https:\/\/gymnasium-eckhorst.de\/homepage\/wp-content\/uploads\/2024\/06\/Wassermelone-2-1-768x1024.jpg\" alt=\"\" class=\"wp-image-7857\" srcset=\"https:\/\/gymnasium-eckhorst.de\/homepage\/wp-content\/uploads\/2024\/06\/Wassermelone-2-1-768x1024.jpg 768w, https:\/\/gymnasium-eckhorst.de\/homepage\/wp-content\/uploads\/2024\/06\/Wassermelone-2-1-225x300.jpg 225w, https:\/\/gymnasium-eckhorst.de\/homepage\/wp-content\/uploads\/2024\/06\/Wassermelone-2-1-1152x1536.jpg 1152w, https:\/\/gymnasium-eckhorst.de\/homepage\/wp-content\/uploads\/2024\/06\/Wassermelone-2-1.jpg 1200w\" sizes=\"(max-width: 768px) 100vw, 768px\" \/><figcaption class=\"wp-element-caption\"><em>\u201eIch habe eine Wassermelone getragen!\u201c\u00a0<\/em><\/figcaption><\/figure>\n\n\n\n<figure class=\"wp-block-image size-large\"><img loading=\"lazy\" decoding=\"async\" width=\"768\" height=\"1024\" data-id=\"7860\" src=\"https:\/\/gymnasium-eckhorst.de\/homepage\/wp-content\/uploads\/2024\/06\/Wassermelone-3-768x1024.jpg\" alt=\"\" class=\"wp-image-7860\" srcset=\"https:\/\/gymnasium-eckhorst.de\/homepage\/wp-content\/uploads\/2024\/06\/Wassermelone-3-768x1024.jpg 768w, https:\/\/gymnasium-eckhorst.de\/homepage\/wp-content\/uploads\/2024\/06\/Wassermelone-3-225x300.jpg 225w, https:\/\/gymnasium-eckhorst.de\/homepage\/wp-content\/uploads\/2024\/06\/Wassermelone-3-1152x1536.jpg 1152w, https:\/\/gymnasium-eckhorst.de\/homepage\/wp-content\/uploads\/2024\/06\/Wassermelone-3-1536x2048.jpg 1536w, https:\/\/gymnasium-eckhorst.de\/homepage\/wp-content\/uploads\/2024\/06\/Wassermelone-3-1200x1600.jpg 1200w, https:\/\/gymnasium-eckhorst.de\/homepage\/wp-content\/uploads\/2024\/06\/Wassermelone-3-1980x2640.jpg 1980w, https:\/\/gymnasium-eckhorst.de\/homepage\/wp-content\/uploads\/2024\/06\/Wassermelone-3-scaled.jpg 1920w\" sizes=\"(max-width: 768px) 100vw, 768px\" \/><\/figure>\n\n\n\n<figure class=\"wp-block-image size-large\"><img loading=\"lazy\" decoding=\"async\" width=\"1024\" height=\"768\" data-id=\"7856\" src=\"https:\/\/gymnasium-eckhorst.de\/homepage\/wp-content\/uploads\/2024\/06\/Weingut-Weinberge-1024x768.jpg\" alt=\"\" class=\"wp-image-7856\" srcset=\"https:\/\/gymnasium-eckhorst.de\/homepage\/wp-content\/uploads\/2024\/06\/Weingut-Weinberge-1024x768.jpg 1024w, https:\/\/gymnasium-eckhorst.de\/homepage\/wp-content\/uploads\/2024\/06\/Weingut-Weinberge-300x225.jpg 300w, https:\/\/gymnasium-eckhorst.de\/homepage\/wp-content\/uploads\/2024\/06\/Weingut-Weinberge-768x576.jpg 768w, https:\/\/gymnasium-eckhorst.de\/homepage\/wp-content\/uploads\/2024\/06\/Weingut-Weinberge-1536x1152.jpg 1536w, https:\/\/gymnasium-eckhorst.de\/homepage\/wp-content\/uploads\/2024\/06\/Weingut-Weinberge-1200x900.jpg 1200w, https:\/\/gymnasium-eckhorst.de\/homepage\/wp-content\/uploads\/2024\/06\/Weingut-Weinberge-1980x1485.jpg 1980w, https:\/\/gymnasium-eckhorst.de\/homepage\/wp-content\/uploads\/2024\/06\/Weingut-Weinberge.jpg 2000w\" sizes=\"(max-width: 1024px) 100vw, 1024px\" \/><figcaption class=\"wp-element-caption\"><em>Gruppenfoto Weinberge Montecarlo\u00a0<\/em><\/figcaption><\/figure>\n\n\n\n<figure class=\"wp-block-image size-large\"><img loading=\"lazy\" decoding=\"async\" width=\"1024\" height=\"768\" data-id=\"7836\" src=\"https:\/\/gymnasium-eckhorst.de\/homepage\/wp-content\/uploads\/2024\/06\/Arrivederci-1-1024x768.jpg\" alt=\"\" class=\"wp-image-7836\" srcset=\"https:\/\/gymnasium-eckhorst.de\/homepage\/wp-content\/uploads\/2024\/06\/Arrivederci-1-1024x768.jpg 1024w, https:\/\/gymnasium-eckhorst.de\/homepage\/wp-content\/uploads\/2024\/06\/Arrivederci-1-300x225.jpg 300w, https:\/\/gymnasium-eckhorst.de\/homepage\/wp-content\/uploads\/2024\/06\/Arrivederci-1-768x576.jpg 768w, https:\/\/gymnasium-eckhorst.de\/homepage\/wp-content\/uploads\/2024\/06\/Arrivederci-1-1536x1152.jpg 1536w, https:\/\/gymnasium-eckhorst.de\/homepage\/wp-content\/uploads\/2024\/06\/Arrivederci-1-1200x900.jpg 1200w, https:\/\/gymnasium-eckhorst.de\/homepage\/wp-content\/uploads\/2024\/06\/Arrivederci-1.jpg 1600w\" sizes=\"(max-width: 1024px) 100vw, 1024px\" \/><figcaption class=\"wp-element-caption\"><em>Arrivederci, Toskana! :\u2018-)\u00a0<\/em><\/figcaption><\/figure>\n\n\n\n<figure class=\"wp-block-image size-large\"><img loading=\"lazy\" decoding=\"async\" width=\"1024\" height=\"768\" data-id=\"7838\" src=\"https:\/\/gymnasium-eckhorst.de\/homepage\/wp-content\/uploads\/2024\/06\/Arrivederci-2-1024x768.jpg\" alt=\"\" class=\"wp-image-7838\" srcset=\"https:\/\/gymnasium-eckhorst.de\/homepage\/wp-content\/uploads\/2024\/06\/Arrivederci-2-1024x768.jpg 1024w, https:\/\/gymnasium-eckhorst.de\/homepage\/wp-content\/uploads\/2024\/06\/Arrivederci-2-300x225.jpg 300w, https:\/\/gymnasium-eckhorst.de\/homepage\/wp-content\/uploads\/2024\/06\/Arrivederci-2-768x576.jpg 768w, https:\/\/gymnasium-eckhorst.de\/homepage\/wp-content\/uploads\/2024\/06\/Arrivederci-2-1536x1152.jpg 1536w, https:\/\/gymnasium-eckhorst.de\/homepage\/wp-content\/uploads\/2024\/06\/Arrivederci-2-1200x900.jpg 1200w, https:\/\/gymnasium-eckhorst.de\/homepage\/wp-content\/uploads\/2024\/06\/Arrivederci-2.jpg 1600w\" sizes=\"(max-width: 1024px) 100vw, 1024px\" \/><\/figure>\n<\/figure>\n","protected":false},"excerpt":{"rendered":"<p>Vom 21.05. bis 27.05.2024 verschlug es 18 Sch\u00fclerinnen und Sch\u00fcler unseres Q1-Jahrganges gemeinsam mit Frau Albers und Herrn Risse nach Italien in die kulturell und landschaftlich einzigartige Region der Toskana.\u00a0 TAG 1 (Di, 21.05.): Am Dienstag nach Pfingsten ging es abends gegen 20:00 Uhr mit dem Reisebus los. Uns stand eine 20-st\u00fcndige Fahrt durch ganz [&hellip;]<\/p>\n","protected":false},"author":3,"featured_media":7856,"comment_status":"closed","ping_status":"closed","sticky":false,"template":"","format":"standard","meta":{"footnotes":""},"categories":[1,12],"tags":[],"class_list":["post-7834","post","type-post","status-publish","format-standard","has-post-thumbnail","hentry","category-allgemein","category-studienfahrt"],"_links":{"self":[{"href":"https:\/\/gymnasium-eckhorst.de\/homepage\/wp-json\/wp\/v2\/posts\/7834","targetHints":{"allow":["GET"]}}],"collection":[{"href":"https:\/\/gymnasium-eckhorst.de\/homepage\/wp-json\/wp\/v2\/posts"}],"about":[{"href":"https:\/\/gymnasium-eckhorst.de\/homepage\/wp-json\/wp\/v2\/types\/post"}],"author":[{"embeddable":true,"href":"https:\/\/gymnasium-eckhorst.de\/homepage\/wp-json\/wp\/v2\/users\/3"}],"replies":[{"embeddable":true,"href":"https:\/\/gymnasium-eckhorst.de\/homepage\/wp-json\/wp\/v2\/comments?post=7834"}],"version-history":[{"count":1,"href":"https:\/\/gymnasium-eckhorst.de\/homepage\/wp-json\/wp\/v2\/posts\/7834\/revisions"}],"predecessor-version":[{"id":7861,"href":"https:\/\/gymnasium-eckhorst.de\/homepage\/wp-json\/wp\/v2\/posts\/7834\/revisions\/7861"}],"wp:featuredmedia":[{"embeddable":true,"href":"https:\/\/gymnasium-eckhorst.de\/homepage\/wp-json\/wp\/v2\/media\/7856"}],"wp:attachment":[{"href":"https:\/\/gymnasium-eckhorst.de\/homepage\/wp-json\/wp\/v2\/media?parent=7834"}],"wp:term":[{"taxonomy":"category","embeddable":true,"href":"https:\/\/gymnasium-eckhorst.de\/homepage\/wp-json\/wp\/v2\/categories?post=7834"},{"taxonomy":"post_tag","embeddable":true,"href":"https:\/\/gymnasium-eckhorst.de\/homepage\/wp-json\/wp\/v2\/tags?post=7834"}],"curies":[{"name":"wp","href":"https:\/\/api.w.org\/{rel}","templated":true}]}}