{"id":7199,"date":"2025-12-15T13:21:12","date_gmt":"2025-12-15T12:21:12","guid":{"rendered":"https:\/\/gymnasium-eckhorst.de\/homepage\/?p=7199"},"modified":"2025-12-15T13:21:12","modified_gmt":"2025-12-15T12:21:12","slug":"schueler-medienlotsen-und-juleica-ausbildung-2","status":"publish","type":"post","link":"https:\/\/gymnasium-eckhorst.de\/homepage\/2025\/12\/15\/schueler-medienlotsen-und-juleica-ausbildung-2\/","title":{"rendered":"Sch\u00fcler-Medienlotsen- und JULEICA-Ausbildung"},"content":{"rendered":"<div class=\"wp-block-image\">\n<figure class=\"aligncenter size-full\"><img fetchpriority=\"high\" decoding=\"async\" width=\"499\" height=\"221\" src=\"https:\/\/gymnasium-eckhorst.de\/homepage\/wp-content\/uploads\/2024\/01\/Bildschirmfoto-vom-2025-12-15-13-15-23.png\" alt=\"\" class=\"wp-image-17742\" srcset=\"https:\/\/gymnasium-eckhorst.de\/homepage\/wp-content\/uploads\/2024\/01\/Bildschirmfoto-vom-2025-12-15-13-15-23.png 499w, https:\/\/gymnasium-eckhorst.de\/homepage\/wp-content\/uploads\/2024\/01\/Bildschirmfoto-vom-2025-12-15-13-15-23-300x133.png 300w\" sizes=\"(max-width: 499px) 100vw, 499px\" \/><\/figure>\n<\/div>\n\n\n<p>Zusammen mit dem Kreisjugendring und dem Offenen Kanal S.-H. f\u00fchrt das Medienzentrum wieder eine Kompaktausbildung durch, mit der du dich zur Sch\u00fcler-Medien-Lotsin oder zum Sch\u00fcler-Medien-Lotsen qualifizieren kannst UND gleichzeitig die&nbsp;JULEICA-Ausbildung durchl\u00e4ufst, mit der du dann z.B. als Teamerin auf Konfi-Fahrten, Stormini oder in deinem Verein eingesetzt werden kannst.<\/p>\n\n\n\n<p>Alle wichtigen Infos und wie du dich anmeldest, findest du in diesem Dokument:<\/p>\n\n\n\n<div class=\"wp-block-file\"><a id=\"wp-block-file--media-e62dcc1a-edb5-42c9-ab25-0dd9a0f2b354\" href=\"https:\/\/gymnasium-eckhorst.de\/homepage\/wp-content\/uploads\/2024\/01\/Ausschreibung-SML-2026.pdf\" target=\"_blank\" rel=\"noreferrer noopener\">Ausschreibung SML 2026<\/a><a href=\"https:\/\/gymnasium-eckhorst.de\/homepage\/wp-content\/uploads\/2024\/01\/Ausschreibung-SML-2026.pdf\" class=\"wp-block-file__button wp-element-button\" download aria-describedby=\"wp-block-file--media-e62dcc1a-edb5-42c9-ab25-0dd9a0f2b354\">Herunterladen<\/a><\/div>\n","protected":false},"excerpt":{"rendered":"<p>Zusammen mit dem Kreisjugendring und dem Offenen Kanal S.-H. f\u00fchrt das Medienzentrum wieder eine Kompaktausbildung durch, mit der du dich zur Sch\u00fcler-Medien-Lotsin oder zum Sch\u00fcler-Medien-Lotsen qualifizieren kannst UND gleichzeitig die&nbsp;JULEICA-Ausbildung durchl\u00e4ufst, mit der du dann z.B. als Teamerin auf Konfi-Fahrten, Stormini oder in deinem Verein eingesetzt werden kannst. Alle wichtigen Infos und wie du dich [&hellip;]<\/p>\n","protected":false},"author":17,"featured_media":17742,"comment_status":"closed","ping_status":"closed","sticky":false,"template":"","format":"standard","meta":{"footnotes":""},"categories":[1],"tags":[],"class_list":["post-7199","post","type-post","status-publish","format-standard","has-post-thumbnail","hentry","category-allgemein"],"_links":{"self":[{"href":"https:\/\/gymnasium-eckhorst.de\/homepage\/wp-json\/wp\/v2\/posts\/7199","targetHints":{"allow":["GET"]}}],"collection":[{"href":"https:\/\/gymnasium-eckhorst.de\/homepage\/wp-json\/wp\/v2\/posts"}],"about":[{"href":"https:\/\/gymnasium-eckhorst.de\/homepage\/wp-json\/wp\/v2\/types\/post"}],"author":[{"embeddable":true,"href":"https:\/\/gymnasium-eckhorst.de\/homepage\/wp-json\/wp\/v2\/users\/17"}],"replies":[{"embeddable":true,"href":"https:\/\/gymnasium-eckhorst.de\/homepage\/wp-json\/wp\/v2\/comments?post=7199"}],"version-history":[{"count":2,"href":"https:\/\/gymnasium-eckhorst.de\/homepage\/wp-json\/wp\/v2\/posts\/7199\/revisions"}],"predecessor-version":[{"id":17744,"href":"https:\/\/gymnasium-eckhorst.de\/homepage\/wp-json\/wp\/v2\/posts\/7199\/revisions\/17744"}],"wp:featuredmedia":[{"embeddable":true,"href":"https:\/\/gymnasium-eckhorst.de\/homepage\/wp-json\/wp\/v2\/media\/17742"}],"wp:attachment":[{"href":"https:\/\/gymnasium-eckhorst.de\/homepage\/wp-json\/wp\/v2\/media?parent=7199"}],"wp:term":[{"taxonomy":"category","embeddable":true,"href":"https:\/\/gymnasium-eckhorst.de\/homepage\/wp-json\/wp\/v2\/categories?post=7199"},{"taxonomy":"post_tag","embeddable":true,"href":"https:\/\/gymnasium-eckhorst.de\/homepage\/wp-json\/wp\/v2\/tags?post=7199"}],"curies":[{"name":"wp","href":"https:\/\/api.w.org\/{rel}","templated":true}]}}