{"id":6510,"date":"2023-05-26T13:48:40","date_gmt":"2023-05-26T11:48:40","guid":{"rendered":"https:\/\/gymnasium-eckhorst.de\/homepage\/?p=6510"},"modified":"2023-05-26T13:49:08","modified_gmt":"2023-05-26T11:49:08","slug":"mit-einer-zeitreise-zum-sprachenfest","status":"publish","type":"post","link":"https:\/\/gymnasium-eckhorst.de\/homepage\/2023\/05\/26\/mit-einer-zeitreise-zum-sprachenfest\/","title":{"rendered":"Mit einer Zeitreise zum Sprachenfest"},"content":{"rendered":"\n<div class=\"wp-block-columns alignwide is-layout-flex wp-container-core-columns-is-layout-9d6595d7 wp-block-columns-is-layout-flex\">\n<div class=\"wp-block-column is-layout-flow wp-block-column-is-layout-flow\">\n<p><strong>Team vom Eckhorst Gymnasium gewinnt Landeswettbewerb Fremdsprachen und vertritt Schleswig-Holstein beim Bundeswettbewerb<\/strong><\/p>\n\n\n\n<p><strong>Mit einer filmischen Zeitreise, in der die lateinische Sprache wieder zum Leben erweckt wird und einer herausragenden Produktion haben sich Sarah Groll, Jette Lentz, Marie Hermann, Alexandra Johs und Carlotta Petrick aus dem Wahlpflichtkurs Europa des Eckhorst Gymnasiums den ersten Platz im Landeswettbewerb Fremdsprachen gesichert. Jetzt geht es f\u00fcr sie zum Bundeswettbewerb.<\/strong><\/p>\n\n\n\n<p>\u201eIm Wahlpflichtkurs Europa geht es neben Geschichte, Geographie und Wirtschaft auch um europ\u00e4ische Sprachen, denen sich ganz anders als im herk\u00f6mmlichen Unterricht gen\u00e4hert werden kann\u201c, erkl\u00e4rt Lehrer Sebastian H\u00f6roldt, der die Gruppe betreut hat. Als H\u00f6hepunkt gilt es, f\u00fcr den Landeswettbewerb Fremdsprachen eine Filmproduktion zu erstellen und sich damit dem landesweiten Vergleich zu stellen, der zum Bundeswettbewerb, dem Sprachfest, f\u00fchrt. Dieser Bundeswettbewerb Fremdsprachen wird j\u00e4hrlich von der Stiftung \u201eBildung und Begabung\u201c ausgerichtet. Nach erfolgreicher Anmeldung m\u00fcssen die Sch\u00fclerinnen und Sch\u00fcler zun\u00e4chst entscheiden, ob sie am Solo- oder Gruppenwettbewerb teilnehmen m\u00f6chten. Die Gruppenaufgabe besteht darin, einen kreativen Film einzureichen.<\/p>\n\n\n\n<p>\u201eWir haben ziemlich viel Zeit in das Projekt investiert\u201c, berichtet Carlotta. \u201eUnd zwar nicht nur in den Wahlpflichtkursstunden, wir haben uns auch in Freistunden oder mal zuhause getroffen und unsere Idee mach und nach umgesetzt\u201c, erg\u00e4nzt Sarah, die ebenfalls den 9. Jahrgang der Europaschule besucht. Die Idee stand schnell fest: Eine Zeitreise, in der am Ende nicht nur Englisch, sondern auch Latein gesprochen wird.<br>Vor allem Alexandra hat am Ende die Produktion umgesetzt und dabei die Medienproduktion f\u00fcr sich entdeckt: \u201eFilmen macht Spa\u00df, ich kann mir gut vorstellen, das weiter zu verfolgen\u201c. Der Lohn: Neben dem Landessieg gab es f\u00fcr die Teilnehmerinnen ein Preisgeld in H\u00f6he von 250 Euro.<\/p>\n\n\n\n<p>Konzeptionell st\u00e4rkt das Gymnasium Eckhorst als Europaschule seit Jahren den Bereich Fremdsprachen. \u201eDie M\u00f6glichkeiten, in diesem Wahlpflichtkurs zugleich vertiefend und doch sehr selbstbestimmt zu arbeiten und das dann auch noch mit Medienproduktion zu verbinden, ist f\u00fcr uns ideal und er\u00f6ffnet den Sch\u00fcler*innen viele tolle M\u00f6glichkeiten\u201c, erl\u00e4utert Schulleiter Lars Troche, der den Kurs zwischenzeitlich f\u00fcr den Bereich \u201eGeographie\u201c \u00fcbernommen hat.<\/p>\n\n\n\n<p>F\u00fcr Sarah, Jette, Marie, Alexandra und Carlotta geht es jetzt weiter auf dem Sprachenfest, dem Bundeswettbewerb, der Mitte Juni in Ludwigsburg stattfindet. Dort gehen die Sprachtalente dann gegen Teams aus ganz Deutschland ins Rennen. \u201eEine spannende Reise geht weiter\u201c, freuen sie sich.<\/p>\n\n\n\n<p><em>M. Schwarz<\/em><\/p>\n<\/div>\n\n\n\n<div class=\"wp-block-column is-layout-flow wp-block-column-is-layout-flow\">\n<figure class=\"wp-block-image size-large is-resized\"><img fetchpriority=\"high\" decoding=\"async\" src=\"https:\/\/gymnasium-eckhorst.de\/homepage\/wp-content\/uploads\/2023\/05\/LandessiegerSprachenEckhorst-1024x885.jpeg\" alt=\"\n1)\t(v.l.) Sarah Groll, Jette Lentz, Marie Hermann, Alexandra Johs und Carlotta Petrick feuen sich \u00fcber den Landessieg im Fremdsprachenwettbewerb\" class=\"wp-image-6511\" width=\"392\" height=\"338\" srcset=\"https:\/\/gymnasium-eckhorst.de\/homepage\/wp-content\/uploads\/2023\/05\/LandessiegerSprachenEckhorst-1024x885.jpeg 1024w, https:\/\/gymnasium-eckhorst.de\/homepage\/wp-content\/uploads\/2023\/05\/LandessiegerSprachenEckhorst-300x259.jpeg 300w, https:\/\/gymnasium-eckhorst.de\/homepage\/wp-content\/uploads\/2023\/05\/LandessiegerSprachenEckhorst-768x664.jpeg 768w, https:\/\/gymnasium-eckhorst.de\/homepage\/wp-content\/uploads\/2023\/05\/LandessiegerSprachenEckhorst.jpeg 1111w\" sizes=\"(max-width: 392px) 100vw, 392px\" \/><figcaption class=\"wp-element-caption\"><strong>&nbsp;<\/strong><br><strong>(v.l.) Sarah Groll, Jette Lentz, Marie Hermann, Alexandra Johs und Carlotta Petrick feuen sich \u00fcber den Landessieg im Fremdsprachenwettbewerb<\/strong><\/figcaption><\/figure>\n<\/div>\n<\/div>\n","protected":false},"excerpt":{"rendered":"<p>Team vom Eckhorst Gymnasium gewinnt Landeswettbewerb Fremdsprachen und vertritt Schleswig-Holstein beim Bundeswettbewerb Mit einer filmischen Zeitreise, in der die lateinische Sprache wieder zum Leben erweckt wird und einer herausragenden Produktion haben sich Sarah Groll, Jette Lentz, Marie Hermann, Alexandra Johs und Carlotta Petrick aus dem Wahlpflichtkurs Europa des Eckhorst Gymnasiums den ersten Platz im Landeswettbewerb [&hellip;]<\/p>\n","protected":false},"author":3,"featured_media":6511,"comment_status":"closed","ping_status":"closed","sticky":false,"template":"","format":"standard","meta":{"footnotes":""},"categories":[1],"tags":[],"class_list":["post-6510","post","type-post","status-publish","format-standard","has-post-thumbnail","hentry","category-allgemein"],"_links":{"self":[{"href":"https:\/\/gymnasium-eckhorst.de\/homepage\/wp-json\/wp\/v2\/posts\/6510","targetHints":{"allow":["GET"]}}],"collection":[{"href":"https:\/\/gymnasium-eckhorst.de\/homepage\/wp-json\/wp\/v2\/posts"}],"about":[{"href":"https:\/\/gymnasium-eckhorst.de\/homepage\/wp-json\/wp\/v2\/types\/post"}],"author":[{"embeddable":true,"href":"https:\/\/gymnasium-eckhorst.de\/homepage\/wp-json\/wp\/v2\/users\/3"}],"replies":[{"embeddable":true,"href":"https:\/\/gymnasium-eckhorst.de\/homepage\/wp-json\/wp\/v2\/comments?post=6510"}],"version-history":[{"count":3,"href":"https:\/\/gymnasium-eckhorst.de\/homepage\/wp-json\/wp\/v2\/posts\/6510\/revisions"}],"predecessor-version":[{"id":6514,"href":"https:\/\/gymnasium-eckhorst.de\/homepage\/wp-json\/wp\/v2\/posts\/6510\/revisions\/6514"}],"wp:featuredmedia":[{"embeddable":true,"href":"https:\/\/gymnasium-eckhorst.de\/homepage\/wp-json\/wp\/v2\/media\/6511"}],"wp:attachment":[{"href":"https:\/\/gymnasium-eckhorst.de\/homepage\/wp-json\/wp\/v2\/media?parent=6510"}],"wp:term":[{"taxonomy":"category","embeddable":true,"href":"https:\/\/gymnasium-eckhorst.de\/homepage\/wp-json\/wp\/v2\/categories?post=6510"},{"taxonomy":"post_tag","embeddable":true,"href":"https:\/\/gymnasium-eckhorst.de\/homepage\/wp-json\/wp\/v2\/tags?post=6510"}],"curies":[{"name":"wp","href":"https:\/\/api.w.org\/{rel}","templated":true}]}}