{"id":6436,"date":"2023-05-12T14:09:33","date_gmt":"2023-05-12T12:09:33","guid":{"rendered":"https:\/\/gymnasium-eckhorst.de\/homepage\/?p=6436"},"modified":"2023-05-12T14:09:51","modified_gmt":"2023-05-12T12:09:51","slug":"future-manager-konferenz","status":"publish","type":"post","link":"https:\/\/gymnasium-eckhorst.de\/homepage\/2023\/05\/12\/future-manager-konferenz\/","title":{"rendered":"Future Manager Konferenz"},"content":{"rendered":"\n<p>Am Montag, den 24.04.23 fand wieder eine Future Manager Konferenz statt. Unter anderem wurden die neuen Nachhaltigkeitsprojekte von Eckhorst+ vorgestellt. <\/p>\n\n\n\n<p>Es wurde die Kr\u00e4uterspirale erneuert und mit neuen Pflanzen best\u00fcckt. Diese soll ein Heim f\u00fcr Kleintiere werden und den Sch\u00fcler*innen praktisches \u00dcben der Artenkenntnis erm\u00f6glichen.<br>Ein weiteres Projekt war der Book Trade, der organisiert wurde. In der Kuhle befindet sich ein Kasten, um nach dem Motto &#8222;Eins geben, Eins nehmen&#8220; B\u00fccher zu tauschen. <br>Es haben sich auch zwei neue AGs gebildet. Die Bienen-AG ist eine davon. In ihr dreht sich alles um Bienen. Nach den Osterferien sollen die Bienen an unsere Schule kommen. Um die Bienen-AG wird sich Herr Meyer \u00b4 k\u00fcmmern und eigenen Honig herstellen. In der anderen AG, der Garten-AG, wird es um den Innenhof bei den 7. Klassen gehen. Sie wird sich um ihn k\u00fcmmern und die Pflanzen pflegen. Interessierte der beiden AGs k\u00f6nnen sich bei Frau Vogel melden. <br>Das letzte Projekt ist die Herstellung von Collegebl\u00f6cken. Daf\u00fcr werden die Klassen gebeten, \u00fcbriggebliebene, einseitig bedruckte Bl\u00e4tter, die sp\u00e4ter zu einem Collegeblock werden, zu sammeln.<br>In der Future Manager Konferenz ging es au\u00dferdem um den geplanten Kleiderflohmarkt. Er wird am Donnerstag, den 08.06. von 13:00-17:00 Uhr stattfinden. <\/p>\n\n\n\n<p>Die Klassen sind aufgerufen, beim Verlassen der Klasse darauf zu achten, die Fenster zu schlie\u00dfen und das Licht auszumachen. <\/p>\n\n\n\n<p><em>Homepage-AG<\/em><\/p>\n\n\n\n<div class=\"wp-block-jetpack-tiled-gallery alignwide is-style-rectangular\"><div class=\"tiled-gallery__gallery\"><div class=\"tiled-gallery__row\"><div class=\"tiled-gallery__col\" style=\"flex-basis:16.67942%\"><figure class=\"tiled-gallery__item\"><img decoding=\"async\" alt=\"\" data-height=\"2560\" data-id=\"6458\" data-link=\"https:\/\/gymnasium-eckhorst.de\/homepage\/?attachment_id=6458\" data-url=\"https:\/\/gymnasium-eckhorst.de\/homepage\/wp-content\/uploads\/2023\/05\/Poster-1-768x1024.jpg\" data-width=\"1920\" src=\"https:\/\/i1.wp.com\/gymnasium-eckhorst.de\/homepage\/wp-content\/uploads\/2023\/05\/Poster-1-768x1024.jpg?ssl=1\" data-amp-layout=\"responsive\"\/><\/figure><\/div><div class=\"tiled-gallery__col\" style=\"flex-basis:33.28231%\"><figure class=\"tiled-gallery__item\"><img decoding=\"async\" alt=\"\" data-height=\"804\" data-id=\"6459\" data-link=\"https:\/\/gymnasium-eckhorst.de\/homepage\/?attachment_id=6459\" data-url=\"https:\/\/gymnasium-eckhorst.de\/homepage\/wp-content\/uploads\/2023\/05\/Foto-2-1-1024x683.jpg\" data-width=\"1206\" src=\"https:\/\/i0.wp.com\/gymnasium-eckhorst.de\/homepage\/wp-content\/uploads\/2023\/05\/Foto-2-1-1024x683.jpg?ssl=1\" data-amp-layout=\"responsive\"\/><\/figure><\/div><div class=\"tiled-gallery__col\" style=\"flex-basis:16.67942%\"><figure class=\"tiled-gallery__item\"><img decoding=\"async\" alt=\"\" data-height=\"2560\" data-id=\"6460\" data-link=\"https:\/\/gymnasium-eckhorst.de\/homepage\/?attachment_id=6460\" data-url=\"https:\/\/gymnasium-eckhorst.de\/homepage\/wp-content\/uploads\/2023\/05\/Foto-3-1-768x1024.jpg\" data-width=\"1920\" src=\"https:\/\/i0.wp.com\/gymnasium-eckhorst.de\/homepage\/wp-content\/uploads\/2023\/05\/Foto-3-1-768x1024.jpg?ssl=1\" data-amp-layout=\"responsive\"\/><\/figure><\/div><div class=\"tiled-gallery__col\" style=\"flex-basis:16.67942%\"><figure class=\"tiled-gallery__item\"><img decoding=\"async\" alt=\"\" data-height=\"2560\" data-id=\"6461\" data-link=\"https:\/\/gymnasium-eckhorst.de\/homepage\/?attachment_id=6461\" data-url=\"https:\/\/gymnasium-eckhorst.de\/homepage\/wp-content\/uploads\/2023\/05\/Foto-4-1-768x1024.jpg\" data-width=\"1920\" src=\"https:\/\/i1.wp.com\/gymnasium-eckhorst.de\/homepage\/wp-content\/uploads\/2023\/05\/Foto-4-1-768x1024.jpg?ssl=1\" data-amp-layout=\"responsive\"\/><\/figure><\/div><div class=\"tiled-gallery__col\" style=\"flex-basis:16.67942%\"><figure class=\"tiled-gallery__item\"><img decoding=\"async\" alt=\"\" data-height=\"2560\" data-id=\"6462\" data-link=\"https:\/\/gymnasium-eckhorst.de\/homepage\/?attachment_id=6462\" data-url=\"https:\/\/gymnasium-eckhorst.de\/homepage\/wp-content\/uploads\/2023\/05\/Foto-5-1-768x1024.jpg\" data-width=\"1920\" src=\"https:\/\/i1.wp.com\/gymnasium-eckhorst.de\/homepage\/wp-content\/uploads\/2023\/05\/Foto-5-1-768x1024.jpg?ssl=1\" data-amp-layout=\"responsive\"\/><\/figure><\/div><\/div><\/div><\/div>\n","protected":false},"excerpt":{"rendered":"<p>Am Montag, den 24.04.23 fand wieder eine Future Manager Konferenz statt. Unter anderem wurden die neuen Nachhaltigkeitsprojekte von Eckhorst+ vorgestellt. Es wurde die Kr\u00e4uterspirale erneuert und mit neuen Pflanzen best\u00fcckt. Diese soll ein Heim f\u00fcr Kleintiere werden und den Sch\u00fcler*innen praktisches \u00dcben der Artenkenntnis erm\u00f6glichen.Ein weiteres Projekt war der Book Trade, der organisiert wurde. In [&hellip;]<\/p>\n","protected":false},"author":5,"featured_media":6459,"comment_status":"closed","ping_status":"closed","sticky":false,"template":"","format":"standard","meta":{"footnotes":""},"categories":[1],"tags":[],"class_list":["post-6436","post","type-post","status-publish","format-standard","has-post-thumbnail","hentry","category-allgemein"],"_links":{"self":[{"href":"https:\/\/gymnasium-eckhorst.de\/homepage\/wp-json\/wp\/v2\/posts\/6436","targetHints":{"allow":["GET"]}}],"collection":[{"href":"https:\/\/gymnasium-eckhorst.de\/homepage\/wp-json\/wp\/v2\/posts"}],"about":[{"href":"https:\/\/gymnasium-eckhorst.de\/homepage\/wp-json\/wp\/v2\/types\/post"}],"author":[{"embeddable":true,"href":"https:\/\/gymnasium-eckhorst.de\/homepage\/wp-json\/wp\/v2\/users\/5"}],"replies":[{"embeddable":true,"href":"https:\/\/gymnasium-eckhorst.de\/homepage\/wp-json\/wp\/v2\/comments?post=6436"}],"version-history":[{"count":4,"href":"https:\/\/gymnasium-eckhorst.de\/homepage\/wp-json\/wp\/v2\/posts\/6436\/revisions"}],"predecessor-version":[{"id":6464,"href":"https:\/\/gymnasium-eckhorst.de\/homepage\/wp-json\/wp\/v2\/posts\/6436\/revisions\/6464"}],"wp:featuredmedia":[{"embeddable":true,"href":"https:\/\/gymnasium-eckhorst.de\/homepage\/wp-json\/wp\/v2\/media\/6459"}],"wp:attachment":[{"href":"https:\/\/gymnasium-eckhorst.de\/homepage\/wp-json\/wp\/v2\/media?parent=6436"}],"wp:term":[{"taxonomy":"category","embeddable":true,"href":"https:\/\/gymnasium-eckhorst.de\/homepage\/wp-json\/wp\/v2\/categories?post=6436"},{"taxonomy":"post_tag","embeddable":true,"href":"https:\/\/gymnasium-eckhorst.de\/homepage\/wp-json\/wp\/v2\/tags?post=6436"}],"curies":[{"name":"wp","href":"https:\/\/api.w.org\/{rel}","templated":true}]}}