{"id":6333,"date":"2023-03-31T13:53:23","date_gmt":"2023-03-31T11:53:23","guid":{"rendered":"https:\/\/gymnasium-eckhorst.de\/homepage\/?p=6333"},"modified":"2023-04-03T17:09:09","modified_gmt":"2023-04-03T15:09:09","slug":"reden-reden-reden-am-gymnasium-eckhorst-der-klassenraum-wird-zur-buehne","status":"publish","type":"post","link":"https:\/\/gymnasium-eckhorst.de\/homepage\/2023\/03\/31\/reden-reden-reden-am-gymnasium-eckhorst-der-klassenraum-wird-zur-buehne\/","title":{"rendered":"Reden, Reden, Reden\u2026 am Gymnasium Eckhorst \u2013 Der Klassenraum wird zur B\u00fchne<br>"},"content":{"rendered":"\n<p>Ein Projekt der etwas anderen Art wurde im M\u00e4rz im Philosophie-Kurs der elften Klasse durchgef\u00fchrt. Das Thema war \u201eReden\u201c &#8211; das Halten von Reden. Wohlgemerkt, es ging um Reden, frei gehalten \u2013 nicht um Referate oder Power-Point-Pr\u00e4sentaionen. Jeder Sch\u00fcler\/ jede Sch\u00fclerin wurde am Ende zum Redner f\u00fcr den Moment. In diesem Fall f\u00fcr jeweils 2 Minuten. Am 29.3.23 verwandelte sich der Klassenraum zur schulinternen B\u00fchne.<br>Auf Initiative von Nadine Mroz, begeisterte Poetryslammerin und Lehrerin f\u00fcr Philosophie und Deutsch am Gymnasium Eckhorst, wurde dieses Projekt von Silke Stamme durchf\u00fchrt. Silke Stamme ist Ingenieurin und Speakerin, die im vergangenen Jahr erfolgreich an verschiedenen Wettbewerben teilgenommen hat. Beide Frauen sind \u00fcberzeugt, dass dieses Projekt eine ideale Gelegenheit bietet, Jugendlichen zu mehr Klarheit \u00fcber sich selbst zu verhelfen, sich selbst zu zeigen und zu lernen, worauf es ankommt, damit Menschen ihnen zuh\u00f6ren.<\/p>\n\n\n\n<p><br>&#8211;> Was macht dich aus?<br>&#8211;> Wo ist deine B\u00fchne?<br>&#8211;> Wer ist dein Publikum?<br>&#8211;> Was ist deine Botschaft und was deine Absicht?<\/p>\n\n\n\n<p><br>Das waren einige der Fragen, um die es ging. Anders als bei Referaten, wurde das Thema nicht vorgegeben. Die Sch\u00fcler entschieden selbst, womit sie sich an ihr Publikum wenden m\u00f6chten. Das ist wichtig, denn ein Redner erreicht sein Publikum immer dann besonders gut, wenn er bzw. sie \u00fcber etwas spricht, was ihm bzw. ihr wirklich, wirklich am Herzen liegt.<br>Was Nadine Mroz und Silke Stamme besonders freut ist, dass sich alle Sch\u00fcler und Sch\u00fclerinnen voll auf das Projekt \u201e2-Minuten Rede\u201c eingelassen haben und das, obwohl zu Beginn bei Weitem nicht alle sicher waren, ob das Reden-Halten ihnen liegen w\u00fcrde. Wirklich gro\u00dfartig! Die Ergebnisse sprechen f\u00fcr sich.<br>\u201eIch finde es cool\u201c, sagt Lara. \u201eIch habe Dinge gelernt, die ich auch auf andere Bereiche \u00fcbertragen kann.\u201c<br>Timo: \u201eAm Ende hat alles gut geklappt.\u201c<br>Malte: \u201eIch wei\u00df jetzt, wie ich eine Rede besser strukturiere.\u201c<br>Inken: \u201eAm Anfang war ich skeptisch, aber ich merke, dass mein Selbstbewusstsein gestiegen ist.\u201c<\/p>\n\n\n\n<p><em>Silke Stamme<\/em><\/p>\n\n\n\n<figure class=\"wp-block-image size-large\"><img fetchpriority=\"high\" decoding=\"async\" width=\"1024\" height=\"651\" src=\"https:\/\/gymnasium-eckhorst.de\/homepage\/wp-content\/uploads\/2023\/04\/Slam-1024x651.jpeg\" alt=\"\" class=\"wp-image-6371\" srcset=\"https:\/\/gymnasium-eckhorst.de\/homepage\/wp-content\/uploads\/2023\/04\/Slam-1024x651.jpeg 1024w, https:\/\/gymnasium-eckhorst.de\/homepage\/wp-content\/uploads\/2023\/04\/Slam-300x191.jpeg 300w, https:\/\/gymnasium-eckhorst.de\/homepage\/wp-content\/uploads\/2023\/04\/Slam-768x489.jpeg 768w, https:\/\/gymnasium-eckhorst.de\/homepage\/wp-content\/uploads\/2023\/04\/Slam-1536x977.jpeg 1536w, https:\/\/gymnasium-eckhorst.de\/homepage\/wp-content\/uploads\/2023\/04\/Slam-2048x1303.jpeg 2048w, https:\/\/gymnasium-eckhorst.de\/homepage\/wp-content\/uploads\/2023\/04\/Slam-1200x763.jpeg 1200w, https:\/\/gymnasium-eckhorst.de\/homepage\/wp-content\/uploads\/2023\/04\/Slam-1980x1259.jpeg 1980w\" sizes=\"(max-width: 1024px) 100vw, 1024px\" \/><\/figure>\n\n\n\n<p><br><\/p>\n","protected":false},"excerpt":{"rendered":"<p>Ein Projekt der etwas anderen Art wurde im M\u00e4rz im Philosophie-Kurs der elften Klasse durchgef\u00fchrt. Das Thema war \u201eReden\u201c &#8211; das Halten von Reden. Wohlgemerkt, es ging um Reden, frei gehalten \u2013 nicht um Referate oder Power-Point-Pr\u00e4sentaionen. Jeder Sch\u00fcler\/ jede Sch\u00fclerin wurde am Ende zum Redner f\u00fcr den Moment. In diesem Fall f\u00fcr jeweils 2 [&hellip;]<\/p>\n","protected":false},"author":3,"featured_media":6371,"comment_status":"closed","ping_status":"closed","sticky":false,"template":"","format":"standard","meta":{"footnotes":""},"categories":[1],"tags":[],"class_list":["post-6333","post","type-post","status-publish","format-standard","has-post-thumbnail","hentry","category-allgemein"],"_links":{"self":[{"href":"https:\/\/gymnasium-eckhorst.de\/homepage\/wp-json\/wp\/v2\/posts\/6333","targetHints":{"allow":["GET"]}}],"collection":[{"href":"https:\/\/gymnasium-eckhorst.de\/homepage\/wp-json\/wp\/v2\/posts"}],"about":[{"href":"https:\/\/gymnasium-eckhorst.de\/homepage\/wp-json\/wp\/v2\/types\/post"}],"author":[{"embeddable":true,"href":"https:\/\/gymnasium-eckhorst.de\/homepage\/wp-json\/wp\/v2\/users\/3"}],"replies":[{"embeddable":true,"href":"https:\/\/gymnasium-eckhorst.de\/homepage\/wp-json\/wp\/v2\/comments?post=6333"}],"version-history":[{"count":4,"href":"https:\/\/gymnasium-eckhorst.de\/homepage\/wp-json\/wp\/v2\/posts\/6333\/revisions"}],"predecessor-version":[{"id":6373,"href":"https:\/\/gymnasium-eckhorst.de\/homepage\/wp-json\/wp\/v2\/posts\/6333\/revisions\/6373"}],"wp:featuredmedia":[{"embeddable":true,"href":"https:\/\/gymnasium-eckhorst.de\/homepage\/wp-json\/wp\/v2\/media\/6371"}],"wp:attachment":[{"href":"https:\/\/gymnasium-eckhorst.de\/homepage\/wp-json\/wp\/v2\/media?parent=6333"}],"wp:term":[{"taxonomy":"category","embeddable":true,"href":"https:\/\/gymnasium-eckhorst.de\/homepage\/wp-json\/wp\/v2\/categories?post=6333"},{"taxonomy":"post_tag","embeddable":true,"href":"https:\/\/gymnasium-eckhorst.de\/homepage\/wp-json\/wp\/v2\/tags?post=6333"}],"curies":[{"name":"wp","href":"https:\/\/api.w.org\/{rel}","templated":true}]}}