{"id":6320,"date":"2023-03-23T10:50:06","date_gmt":"2023-03-23T09:50:06","guid":{"rendered":"https:\/\/gymnasium-eckhorst.de\/homepage\/?p=6320"},"modified":"2023-03-23T10:50:06","modified_gmt":"2023-03-23T09:50:06","slug":"jugend-trainiert-fuer-olympia-eckhorster-beim-landesfinale-geraetturnen","status":"publish","type":"post","link":"https:\/\/gymnasium-eckhorst.de\/homepage\/2023\/03\/23\/jugend-trainiert-fuer-olympia-eckhorster-beim-landesfinale-geraetturnen\/","title":{"rendered":"Jugend trainiert f\u00fcr Olympia \u2013 Eckhorster beim Landesfinale Ger\u00e4tturnen"},"content":{"rendered":"\n<div class=\"wp-block-columns alignwide is-layout-flex wp-container-core-columns-is-layout-9d6595d7 wp-block-columns-is-layout-flex\">\n<div class=\"wp-block-column is-layout-flow wp-block-column-is-layout-flow\">\n<p>Am Freitag, den 17.3.23 hie\u00df es f\u00fcr unsere insgesamt 10 Turnerinnen und Turner fr\u00fch aufstehen! Es ging f\u00fcr die beiden Schulmannschaften mit dem Bus nach Flensburg, wo in allen Fr\u00fchjahrssportarten die Landesfinals ausgetragen wurden.<\/p>\n\n\n\n<p>Im Wettkampf der WK3, unserer \u201e\u00c4lteren\u201c, k\u00e4mpften Emilia, Natalie, Johanna, Lana und Jette an 4 verschieden Ger\u00e4ten um die besten Pl\u00e4tze. Mit vollem Einsatz und starken Leistungen belegten sie am Ende den 4. Platz. Ein tolles Ergebnis!<\/p>\n\n\n\n<p>Unsere \u201eJ\u00fcngeren\u201c Umut, Marie, Caitlin, Elena und Bente (WK4) turnten verschiedene Ger\u00e4tebahnen und dar\u00fcber hinaus gaben sie in den Teamwettbewerben wie Staffellauf oder Zeitklettern ihr Bestes. Dieses Engagement wurde am Ende mit einem guten 5. Platz belohnt. Wir sind stolz auf euch!<\/p>\n\n\n\n<p>Anschlie\u00dfend fand die gro\u00dfe Galafeier \u201e50 Jahre Jugend trainiert f\u00fcr Olympia\u201c zentral f\u00fcr alle Teilnehmer in der Flensarena statt. Nachdem wir uns auf der Nudelparty gest\u00e4rkt und spannende Endspiele im Handball gesehen hatten, lie\u00dfen wir diesen langen und sch\u00f6nen Wettkampftag auf der Sch\u00fclerdisco ausklingen.<\/p>\n\n\n\n<p><em>Karolin Goll<\/em><\/p>\n<\/div>\n<\/div>\n\n\n\n<div class=\"wp-block-jetpack-tiled-gallery alignwide is-style-rectangular\"><div class=\"tiled-gallery__gallery\"><div class=\"tiled-gallery__row\"><div class=\"tiled-gallery__col\" style=\"flex-basis:20.86064%\"><figure class=\"tiled-gallery__item\"><img decoding=\"async\" alt=\"\" data-height=\"1304\" data-id=\"6322\" data-link=\"https:\/\/gymnasium-eckhorst.de\/homepage\/?attachment_id=6322\" data-url=\"https:\/\/gymnasium-eckhorst.de\/homepage\/wp-content\/uploads\/2023\/03\/J1-905x1024.jpg\" data-width=\"1153\" src=\"https:\/\/i0.wp.com\/gymnasium-eckhorst.de\/homepage\/wp-content\/uploads\/2023\/03\/J1-905x1024.jpg?ssl=1\" data-amp-layout=\"responsive\"\/><\/figure><\/div><div class=\"tiled-gallery__col\" style=\"flex-basis:13.51743%\"><figure class=\"tiled-gallery__item\"><img decoding=\"async\" alt=\"\" data-height=\"987\" data-id=\"6323\" data-link=\"https:\/\/gymnasium-eckhorst.de\/homepage\/?attachment_id=6323\" data-url=\"https:\/\/gymnasium-eckhorst.de\/homepage\/wp-content\/uploads\/2023\/03\/J2.jpg\" data-width=\"564\" src=\"https:\/\/i1.wp.com\/gymnasium-eckhorst.de\/homepage\/wp-content\/uploads\/2023\/03\/J2.jpg?ssl=1\" data-amp-layout=\"responsive\"\/><\/figure><\/div><div class=\"tiled-gallery__col\" style=\"flex-basis:27.35916%\"><figure class=\"tiled-gallery__item\"><img decoding=\"async\" alt=\"\" data-height=\"2205\" data-id=\"6324\" data-link=\"https:\/\/gymnasium-eckhorst.de\/homepage\/?attachment_id=6324\" data-url=\"https:\/\/gymnasium-eckhorst.de\/homepage\/wp-content\/uploads\/2023\/03\/J3-1024x882.jpg\" data-width=\"2560\" src=\"https:\/\/i1.wp.com\/gymnasium-eckhorst.de\/homepage\/wp-content\/uploads\/2023\/03\/J3-1024x882.jpg?ssl=1\" data-amp-layout=\"responsive\"\/><\/figure><\/div><div class=\"tiled-gallery__col\" style=\"flex-basis:20.55288%\"><figure class=\"tiled-gallery__item\"><img decoding=\"async\" alt=\"\" data-height=\"2560\" data-id=\"6325\" data-link=\"https:\/\/gymnasium-eckhorst.de\/homepage\/?attachment_id=6325\" data-url=\"https:\/\/gymnasium-eckhorst.de\/homepage\/wp-content\/uploads\/2023\/03\/J4-892x1024.jpg\" data-width=\"2230\" src=\"https:\/\/i1.wp.com\/gymnasium-eckhorst.de\/homepage\/wp-content\/uploads\/2023\/03\/J4-892x1024.jpg?ssl=1\" data-amp-layout=\"responsive\"\/><\/figure><\/div><div class=\"tiled-gallery__col\" style=\"flex-basis:17.70988%\"><figure class=\"tiled-gallery__item\"><img decoding=\"async\" alt=\"\" data-height=\"2560\" data-id=\"6326\" data-link=\"https:\/\/gymnasium-eckhorst.de\/homepage\/?attachment_id=6326\" data-url=\"https:\/\/gymnasium-eckhorst.de\/homepage\/wp-content\/uploads\/2023\/03\/J5-768x1024.jpg\" data-width=\"1920\" src=\"https:\/\/i1.wp.com\/gymnasium-eckhorst.de\/homepage\/wp-content\/uploads\/2023\/03\/J5-768x1024.jpg?ssl=1\" data-amp-layout=\"responsive\"\/><\/figure><\/div><\/div><\/div><\/div>\n","protected":false},"excerpt":{"rendered":"<p>Am Freitag, den 17.3.23 hie\u00df es f\u00fcr unsere insgesamt 10 Turnerinnen und Turner fr\u00fch aufstehen! Es ging f\u00fcr die beiden Schulmannschaften mit dem Bus nach Flensburg, wo in allen Fr\u00fchjahrssportarten die Landesfinals ausgetragen wurden. Im Wettkampf der WK3, unserer \u201e\u00c4lteren\u201c, k\u00e4mpften Emilia, Natalie, Johanna, Lana und Jette an 4 verschieden Ger\u00e4ten um die besten Pl\u00e4tze. [&hellip;]<\/p>\n","protected":false},"author":3,"featured_media":6322,"comment_status":"closed","ping_status":"closed","sticky":false,"template":"","format":"standard","meta":{"footnotes":""},"categories":[1],"tags":[],"class_list":["post-6320","post","type-post","status-publish","format-standard","has-post-thumbnail","hentry","category-allgemein"],"_links":{"self":[{"href":"https:\/\/gymnasium-eckhorst.de\/homepage\/wp-json\/wp\/v2\/posts\/6320","targetHints":{"allow":["GET"]}}],"collection":[{"href":"https:\/\/gymnasium-eckhorst.de\/homepage\/wp-json\/wp\/v2\/posts"}],"about":[{"href":"https:\/\/gymnasium-eckhorst.de\/homepage\/wp-json\/wp\/v2\/types\/post"}],"author":[{"embeddable":true,"href":"https:\/\/gymnasium-eckhorst.de\/homepage\/wp-json\/wp\/v2\/users\/3"}],"replies":[{"embeddable":true,"href":"https:\/\/gymnasium-eckhorst.de\/homepage\/wp-json\/wp\/v2\/comments?post=6320"}],"version-history":[{"count":2,"href":"https:\/\/gymnasium-eckhorst.de\/homepage\/wp-json\/wp\/v2\/posts\/6320\/revisions"}],"predecessor-version":[{"id":6327,"href":"https:\/\/gymnasium-eckhorst.de\/homepage\/wp-json\/wp\/v2\/posts\/6320\/revisions\/6327"}],"wp:featuredmedia":[{"embeddable":true,"href":"https:\/\/gymnasium-eckhorst.de\/homepage\/wp-json\/wp\/v2\/media\/6322"}],"wp:attachment":[{"href":"https:\/\/gymnasium-eckhorst.de\/homepage\/wp-json\/wp\/v2\/media?parent=6320"}],"wp:term":[{"taxonomy":"category","embeddable":true,"href":"https:\/\/gymnasium-eckhorst.de\/homepage\/wp-json\/wp\/v2\/categories?post=6320"},{"taxonomy":"post_tag","embeddable":true,"href":"https:\/\/gymnasium-eckhorst.de\/homepage\/wp-json\/wp\/v2\/tags?post=6320"}],"curies":[{"name":"wp","href":"https:\/\/api.w.org\/{rel}","templated":true}]}}