{"id":6316,"date":"2023-03-23T10:44:33","date_gmt":"2023-03-23T09:44:33","guid":{"rendered":"https:\/\/gymnasium-eckhorst.de\/homepage\/?p=6316"},"modified":"2023-03-23T10:44:33","modified_gmt":"2023-03-23T09:44:33","slug":"spanischer-vorlesewettbewerb-leo-leo-que-lees","status":"publish","type":"post","link":"https:\/\/gymnasium-eckhorst.de\/homepage\/2023\/03\/23\/spanischer-vorlesewettbewerb-leo-leo-que-lees\/","title":{"rendered":"<strong>Spanischer Vorlesewettbewerb <em>Leo, leo &#8211; \u00bfqu\u00e9 lees?<\/em><\/strong>"},"content":{"rendered":"\n<p><\/p>\n\n\n\n<div class=\"wp-block-columns alignwide is-layout-flex wp-container-core-columns-is-layout-9d6595d7 wp-block-columns-is-layout-flex\">\n<div class=\"wp-block-column is-layout-flow wp-block-column-is-layout-flow\">\n<p>In diesem Schuljahr haben die Spanischkurse der 7. und 8. Klasse erstmals am spanischen Vorlesewettbewerb <em>Leo, leo &#8211; \u00bfqu\u00e9 lees? <\/em>teilgenommen. Hierf\u00fcr wurden die Lesetexte flei\u00dfig \u00fcber mehrere Wochen im Spanischunterricht ge\u00fcbt &#8211; an Betonung, Lautst\u00e4rke, Lebendigkeit und Aussprache gefeilt. Nach zwei spannenden und knappen Klassenentscheiden, konnten nun die Siegerurkunden f\u00fcr die jeweils ersten Pl\u00e4tze \u00fcbergeben werden. Die Klassensieger*innen werden das Gymnasium Eckhorst am Montag, den 13.03.2023 im Hamburger Instituto Cervantes vertreten.<\/p>\n\n\n\n<p>Klasse 7d:<\/p>\n\n\n\n<ol class=\"wp-block-list\" type=\"1\" start=\"1\">\n<li>Platz: Emma Freytag<\/li>\n\n\n\n<li>Platz: Anton Marcinkowski<\/li>\n<\/ol>\n\n\n\n<p>Klasse 8d:<\/p>\n\n\n\n<ol class=\"wp-block-list\" type=\"1\" start=\"1\">\n<li>Platz: Philipp Vorbr\u00f6ker<\/li>\n\n\n\n<li>Platz: Reyyan Ilgin<\/li>\n<\/ol>\n\n\n\n<p><em>Mia Rasch<\/em><\/p>\n<\/div>\n\n\n\n<div class=\"wp-block-column is-layout-flow wp-block-column-is-layout-flow\">\n<figure class=\"wp-block-image size-large\"><img fetchpriority=\"high\" decoding=\"async\" width=\"1024\" height=\"683\" src=\"https:\/\/gymnasium-eckhorst.de\/homepage\/wp-content\/uploads\/2023\/03\/DB466076-B7C0-4CF9-993B-A215AB14FAA5-1024x683.jpeg\" alt=\"\" class=\"wp-image-6317\" srcset=\"https:\/\/gymnasium-eckhorst.de\/homepage\/wp-content\/uploads\/2023\/03\/DB466076-B7C0-4CF9-993B-A215AB14FAA5-1024x683.jpeg 1024w, https:\/\/gymnasium-eckhorst.de\/homepage\/wp-content\/uploads\/2023\/03\/DB466076-B7C0-4CF9-993B-A215AB14FAA5-300x200.jpeg 300w, https:\/\/gymnasium-eckhorst.de\/homepage\/wp-content\/uploads\/2023\/03\/DB466076-B7C0-4CF9-993B-A215AB14FAA5-768x512.jpeg 768w, https:\/\/gymnasium-eckhorst.de\/homepage\/wp-content\/uploads\/2023\/03\/DB466076-B7C0-4CF9-993B-A215AB14FAA5-1536x1024.jpeg 1536w, https:\/\/gymnasium-eckhorst.de\/homepage\/wp-content\/uploads\/2023\/03\/DB466076-B7C0-4CF9-993B-A215AB14FAA5-2048x1365.jpeg 2048w, https:\/\/gymnasium-eckhorst.de\/homepage\/wp-content\/uploads\/2023\/03\/DB466076-B7C0-4CF9-993B-A215AB14FAA5-1200x800.jpeg 1200w, https:\/\/gymnasium-eckhorst.de\/homepage\/wp-content\/uploads\/2023\/03\/DB466076-B7C0-4CF9-993B-A215AB14FAA5-1980x1320.jpeg 1980w\" sizes=\"(max-width: 1024px) 100vw, 1024px\" \/><\/figure>\n<\/div>\n<\/div>\n","protected":false},"excerpt":{"rendered":"<p>In diesem Schuljahr haben die Spanischkurse der 7. und 8. Klasse erstmals am spanischen Vorlesewettbewerb Leo, leo &#8211; \u00bfqu\u00e9 lees? teilgenommen. Hierf\u00fcr wurden die Lesetexte flei\u00dfig \u00fcber mehrere Wochen im Spanischunterricht ge\u00fcbt &#8211; an Betonung, Lautst\u00e4rke, Lebendigkeit und Aussprache gefeilt. Nach zwei spannenden und knappen Klassenentscheiden, konnten nun die Siegerurkunden f\u00fcr die jeweils ersten Pl\u00e4tze [&hellip;]<\/p>\n","protected":false},"author":3,"featured_media":6317,"comment_status":"closed","ping_status":"closed","sticky":false,"template":"","format":"standard","meta":{"footnotes":""},"categories":[1],"tags":[],"class_list":["post-6316","post","type-post","status-publish","format-standard","has-post-thumbnail","hentry","category-allgemein"],"_links":{"self":[{"href":"https:\/\/gymnasium-eckhorst.de\/homepage\/wp-json\/wp\/v2\/posts\/6316","targetHints":{"allow":["GET"]}}],"collection":[{"href":"https:\/\/gymnasium-eckhorst.de\/homepage\/wp-json\/wp\/v2\/posts"}],"about":[{"href":"https:\/\/gymnasium-eckhorst.de\/homepage\/wp-json\/wp\/v2\/types\/post"}],"author":[{"embeddable":true,"href":"https:\/\/gymnasium-eckhorst.de\/homepage\/wp-json\/wp\/v2\/users\/3"}],"replies":[{"embeddable":true,"href":"https:\/\/gymnasium-eckhorst.de\/homepage\/wp-json\/wp\/v2\/comments?post=6316"}],"version-history":[{"count":2,"href":"https:\/\/gymnasium-eckhorst.de\/homepage\/wp-json\/wp\/v2\/posts\/6316\/revisions"}],"predecessor-version":[{"id":6319,"href":"https:\/\/gymnasium-eckhorst.de\/homepage\/wp-json\/wp\/v2\/posts\/6316\/revisions\/6319"}],"wp:featuredmedia":[{"embeddable":true,"href":"https:\/\/gymnasium-eckhorst.de\/homepage\/wp-json\/wp\/v2\/media\/6317"}],"wp:attachment":[{"href":"https:\/\/gymnasium-eckhorst.de\/homepage\/wp-json\/wp\/v2\/media?parent=6316"}],"wp:term":[{"taxonomy":"category","embeddable":true,"href":"https:\/\/gymnasium-eckhorst.de\/homepage\/wp-json\/wp\/v2\/categories?post=6316"},{"taxonomy":"post_tag","embeddable":true,"href":"https:\/\/gymnasium-eckhorst.de\/homepage\/wp-json\/wp\/v2\/tags?post=6316"}],"curies":[{"name":"wp","href":"https:\/\/api.w.org\/{rel}","templated":true}]}}