{"id":6312,"date":"2023-03-22T08:48:02","date_gmt":"2023-03-22T07:48:02","guid":{"rendered":"https:\/\/gymnasium-eckhorst.de\/homepage\/?p=6312"},"modified":"2023-03-22T08:48:02","modified_gmt":"2023-03-22T07:48:02","slug":"16-neue-medienlotsen-fuer-das-eckhorst","status":"publish","type":"post","link":"https:\/\/gymnasium-eckhorst.de\/homepage\/2023\/03\/22\/16-neue-medienlotsen-fuer-das-eckhorst\/","title":{"rendered":"16 neue Medienlotsen f\u00fcr das Eckhorst"},"content":{"rendered":"\n<p>Jugend Arbeit macht Spa\u00df: nach zwei Ausbildungswochenenden haben wir 16 motivierte Sch\u00fclerinnen und Sch\u00fcler mehr am Eckhorst, die in Peer to Peer- Projekten die Medienkompetenz als Sch\u00fclerlotsen weiter nach vorne bringen wollen. Durch die Kooperation mit dem Kreisjugendring Stormarn haben sie damit gleichzeitig die Qualifikation f\u00fcr die JuLeiCa (Jugendleiter Card) erworben. Am 21.3. \u00fcbergaben Herr Brodmann von Jugendarbeitsteam, Schulleiter Herr Troche und Herr Schwarz die Zertifikate, vom Schulverein gesponsert gab es dazu das neue Medienlotsen-Shirt. Herzlichen Gl\u00fcckwunsch!\u00a0<br><\/p>\n\n\n\n<p>1) Friederike R\u00f6npage<br>2) Annika Sophie Barner<br>3) Moritz Soares Dos Reis<br>4) Julika Wendlandt<br>5) Merle Kultzscher<br>6) Arne Tamm<br>7) Lene Br\u00fcnsicke<br>8) Jana Hagelstein<br>9) Mia Wenzel<br>10) Antonia Kammeyer<br>11) Elina Becker<br>12) Tristan Helbig<br>13) Mourids Gieselmann<br>14) Fabienne Simon<br>15) Thea Metz<br>16) Felix von Werder<\/p>\n\n\n\n<figure class=\"wp-block-image alignwide size-large\"><img fetchpriority=\"high\" decoding=\"async\" width=\"1024\" height=\"822\" src=\"https:\/\/gymnasium-eckhorst.de\/homepage\/wp-content\/uploads\/2023\/03\/Medienlotsen-1024x822.jpg\" alt=\"\" class=\"wp-image-6313\" srcset=\"https:\/\/gymnasium-eckhorst.de\/homepage\/wp-content\/uploads\/2023\/03\/Medienlotsen-1024x822.jpg 1024w, https:\/\/gymnasium-eckhorst.de\/homepage\/wp-content\/uploads\/2023\/03\/Medienlotsen-300x241.jpg 300w, https:\/\/gymnasium-eckhorst.de\/homepage\/wp-content\/uploads\/2023\/03\/Medienlotsen-768x617.jpg 768w, https:\/\/gymnasium-eckhorst.de\/homepage\/wp-content\/uploads\/2023\/03\/Medienlotsen-1200x964.jpg 1200w, https:\/\/gymnasium-eckhorst.de\/homepage\/wp-content\/uploads\/2023\/03\/Medienlotsen.jpg 1280w\" sizes=\"(max-width: 1024px) 100vw, 1024px\" \/><\/figure>\n\n\n\n<p><em>Michael Schwarz<\/em><\/p>\n","protected":false},"excerpt":{"rendered":"<p>Jugend Arbeit macht Spa\u00df: nach zwei Ausbildungswochenenden haben wir 16 motivierte Sch\u00fclerinnen und Sch\u00fcler mehr am Eckhorst, die in Peer to Peer- Projekten die Medienkompetenz als Sch\u00fclerlotsen weiter nach vorne bringen wollen. Durch die Kooperation mit dem Kreisjugendring Stormarn haben sie damit gleichzeitig die Qualifikation f\u00fcr die JuLeiCa (Jugendleiter Card) erworben. Am 21.3. \u00fcbergaben Herr [&hellip;]<\/p>\n","protected":false},"author":3,"featured_media":6313,"comment_status":"closed","ping_status":"closed","sticky":false,"template":"","format":"standard","meta":{"footnotes":""},"categories":[1],"tags":[],"class_list":["post-6312","post","type-post","status-publish","format-standard","has-post-thumbnail","hentry","category-allgemein"],"_links":{"self":[{"href":"https:\/\/gymnasium-eckhorst.de\/homepage\/wp-json\/wp\/v2\/posts\/6312","targetHints":{"allow":["GET"]}}],"collection":[{"href":"https:\/\/gymnasium-eckhorst.de\/homepage\/wp-json\/wp\/v2\/posts"}],"about":[{"href":"https:\/\/gymnasium-eckhorst.de\/homepage\/wp-json\/wp\/v2\/types\/post"}],"author":[{"embeddable":true,"href":"https:\/\/gymnasium-eckhorst.de\/homepage\/wp-json\/wp\/v2\/users\/3"}],"replies":[{"embeddable":true,"href":"https:\/\/gymnasium-eckhorst.de\/homepage\/wp-json\/wp\/v2\/comments?post=6312"}],"version-history":[{"count":2,"href":"https:\/\/gymnasium-eckhorst.de\/homepage\/wp-json\/wp\/v2\/posts\/6312\/revisions"}],"predecessor-version":[{"id":6315,"href":"https:\/\/gymnasium-eckhorst.de\/homepage\/wp-json\/wp\/v2\/posts\/6312\/revisions\/6315"}],"wp:featuredmedia":[{"embeddable":true,"href":"https:\/\/gymnasium-eckhorst.de\/homepage\/wp-json\/wp\/v2\/media\/6313"}],"wp:attachment":[{"href":"https:\/\/gymnasium-eckhorst.de\/homepage\/wp-json\/wp\/v2\/media?parent=6312"}],"wp:term":[{"taxonomy":"category","embeddable":true,"href":"https:\/\/gymnasium-eckhorst.de\/homepage\/wp-json\/wp\/v2\/categories?post=6312"},{"taxonomy":"post_tag","embeddable":true,"href":"https:\/\/gymnasium-eckhorst.de\/homepage\/wp-json\/wp\/v2\/tags?post=6312"}],"curies":[{"name":"wp","href":"https:\/\/api.w.org\/{rel}","templated":true}]}}