{"id":6123,"date":"2023-02-06T13:19:22","date_gmt":"2023-02-06T12:19:22","guid":{"rendered":"https:\/\/gymnasium-eckhorst.de\/homepage\/?p=6123"},"modified":"2023-02-06T13:19:22","modified_gmt":"2023-02-06T12:19:22","slug":"ins-lernen-kommen","status":"publish","type":"post","link":"https:\/\/gymnasium-eckhorst.de\/homepage\/2023\/02\/06\/ins-lernen-kommen\/","title":{"rendered":"Ins Lernen kommen"},"content":{"rendered":"\n<div class=\"wp-block-columns alignwide is-layout-flex wp-container-core-columns-is-layout-9d6595d7 wp-block-columns-is-layout-flex\">\n<div class=\"wp-block-column is-layout-flow wp-block-column-is-layout-flow\">\n<figure class=\"wp-block-gallery has-nested-images columns-default is-cropped wp-block-gallery-1 is-layout-flex wp-block-gallery-is-layout-flex\">\n<figure class=\"wp-block-image size-large\"><img fetchpriority=\"high\" decoding=\"async\" width=\"1024\" height=\"769\" data-id=\"6128\" src=\"https:\/\/gymnasium-eckhorst.de\/homepage\/wp-content\/uploads\/2023\/02\/44-1024x769.jpg\" alt=\"\" class=\"wp-image-6128\" srcset=\"https:\/\/gymnasium-eckhorst.de\/homepage\/wp-content\/uploads\/2023\/02\/44-1024x769.jpg 1024w, https:\/\/gymnasium-eckhorst.de\/homepage\/wp-content\/uploads\/2023\/02\/44-300x225.jpg 300w, https:\/\/gymnasium-eckhorst.de\/homepage\/wp-content\/uploads\/2023\/02\/44-768x577.jpg 768w, https:\/\/gymnasium-eckhorst.de\/homepage\/wp-content\/uploads\/2023\/02\/44-1536x1154.jpg 1536w, https:\/\/gymnasium-eckhorst.de\/homepage\/wp-content\/uploads\/2023\/02\/44-2048x1538.jpg 2048w, https:\/\/gymnasium-eckhorst.de\/homepage\/wp-content\/uploads\/2023\/02\/44-1200x901.jpg 1200w, https:\/\/gymnasium-eckhorst.de\/homepage\/wp-content\/uploads\/2023\/02\/44-1980x1487.jpg 1980w\" sizes=\"(max-width: 1024px) 100vw, 1024px\" \/><\/figure>\n\n\n\n<figure class=\"wp-block-image size-large\"><img decoding=\"async\" width=\"769\" height=\"1024\" data-id=\"6129\" src=\"https:\/\/gymnasium-eckhorst.de\/homepage\/wp-content\/uploads\/2023\/02\/33-769x1024.jpg\" alt=\"\" class=\"wp-image-6129\" srcset=\"https:\/\/gymnasium-eckhorst.de\/homepage\/wp-content\/uploads\/2023\/02\/33-769x1024.jpg 769w, https:\/\/gymnasium-eckhorst.de\/homepage\/wp-content\/uploads\/2023\/02\/33-225x300.jpg 225w, https:\/\/gymnasium-eckhorst.de\/homepage\/wp-content\/uploads\/2023\/02\/33-768x1022.jpg 768w, https:\/\/gymnasium-eckhorst.de\/homepage\/wp-content\/uploads\/2023\/02\/33-1154x1536.jpg 1154w, https:\/\/gymnasium-eckhorst.de\/homepage\/wp-content\/uploads\/2023\/02\/33-1538x2048.jpg 1538w, https:\/\/gymnasium-eckhorst.de\/homepage\/wp-content\/uploads\/2023\/02\/33-1200x1598.jpg 1200w, https:\/\/gymnasium-eckhorst.de\/homepage\/wp-content\/uploads\/2023\/02\/33-1980x2636.jpg 1980w, https:\/\/gymnasium-eckhorst.de\/homepage\/wp-content\/uploads\/2023\/02\/33-scaled.jpg 1923w\" sizes=\"(max-width: 769px) 100vw, 769px\" \/><\/figure>\n<\/figure>\n<\/div>\n\n\n\n<div class=\"wp-block-column is-layout-flow wp-block-column-is-layout-flow\">\n<p>Am Freitag, den 03.02.2023 fand ein freiwilliges Projekt im Q1-Jahrgang zum Zeitmanagement statt. Geleitet wurde es von Frau Kyas.<\/p>\n\n\n\n<p>Zu Beginn des Projektes wurde sich mit dem Aufbau des Gehirns besch\u00e4ftigt, unter anderem mit den einzelnen Bereichen in Verbindung mit unterschiedlichen Stimmungen. Dieser Teil war die Grundlage f\u00fcr die Erkenntnis der Funktion der eigenen Pers\u00f6nlichkeit. Indem sich die Sch\u00fcler*innen selber besser verstehen lernten, konnten sie herausfinden, wie sie sich, in Bezug auf das Zeitmanagement, ver\u00e4ndern m\u00f6chten. Au\u00dferdem lernten die Sch\u00fcler*innen, wie sie selbstgesetzte Ziele erreichen k\u00f6nnen. In diesem Zusammenhang wurde auch \u00fcber sogenannte Zeitfresser, zum Beispiel das Handy, gesprochen. Die Sch\u00fcler*innen nahmen an diesem Projekt teil, weil sie ihr Lernverhalten verbessern und auch in den Austausch mit den anderen Teilnehmer*innen gehen wollten. Au\u00dferdem haben sie sich \u00fcber das au\u00dferschulische Projekt gefreut, da man sich im Unterricht selten mit Zeitmanagement besch\u00e4ftigt. Insgesamt kam der Projekttag mit einer guten Mischung aus Theorie und Praxis gut an.<\/p>\n\n\n\n<p><em>Homepage-Redaktion<\/em><\/p>\n<\/div>\n<\/div>\n","protected":false},"excerpt":{"rendered":"<p>Am Freitag, den 03.02.2023 fand ein freiwilliges Projekt im Q1-Jahrgang zum Zeitmanagement statt. Geleitet wurde es von Frau Kyas. Zu Beginn des Projektes wurde sich mit dem Aufbau des Gehirns besch\u00e4ftigt, unter anderem mit den einzelnen Bereichen in Verbindung mit unterschiedlichen Stimmungen. Dieser Teil war die Grundlage f\u00fcr die Erkenntnis der Funktion der eigenen Pers\u00f6nlichkeit. [&hellip;]<\/p>\n","protected":false},"author":3,"featured_media":6128,"comment_status":"closed","ping_status":"closed","sticky":false,"template":"","format":"standard","meta":{"footnotes":""},"categories":[1],"tags":[],"class_list":["post-6123","post","type-post","status-publish","format-standard","has-post-thumbnail","hentry","category-allgemein"],"_links":{"self":[{"href":"https:\/\/gymnasium-eckhorst.de\/homepage\/wp-json\/wp\/v2\/posts\/6123","targetHints":{"allow":["GET"]}}],"collection":[{"href":"https:\/\/gymnasium-eckhorst.de\/homepage\/wp-json\/wp\/v2\/posts"}],"about":[{"href":"https:\/\/gymnasium-eckhorst.de\/homepage\/wp-json\/wp\/v2\/types\/post"}],"author":[{"embeddable":true,"href":"https:\/\/gymnasium-eckhorst.de\/homepage\/wp-json\/wp\/v2\/users\/3"}],"replies":[{"embeddable":true,"href":"https:\/\/gymnasium-eckhorst.de\/homepage\/wp-json\/wp\/v2\/comments?post=6123"}],"version-history":[{"count":2,"href":"https:\/\/gymnasium-eckhorst.de\/homepage\/wp-json\/wp\/v2\/posts\/6123\/revisions"}],"predecessor-version":[{"id":6130,"href":"https:\/\/gymnasium-eckhorst.de\/homepage\/wp-json\/wp\/v2\/posts\/6123\/revisions\/6130"}],"wp:featuredmedia":[{"embeddable":true,"href":"https:\/\/gymnasium-eckhorst.de\/homepage\/wp-json\/wp\/v2\/media\/6128"}],"wp:attachment":[{"href":"https:\/\/gymnasium-eckhorst.de\/homepage\/wp-json\/wp\/v2\/media?parent=6123"}],"wp:term":[{"taxonomy":"category","embeddable":true,"href":"https:\/\/gymnasium-eckhorst.de\/homepage\/wp-json\/wp\/v2\/categories?post=6123"},{"taxonomy":"post_tag","embeddable":true,"href":"https:\/\/gymnasium-eckhorst.de\/homepage\/wp-json\/wp\/v2\/tags?post=6123"}],"curies":[{"name":"wp","href":"https:\/\/api.w.org\/{rel}","templated":true}]}}