{"id":6118,"date":"2023-02-06T13:10:26","date_gmt":"2023-02-06T12:10:26","guid":{"rendered":"https:\/\/gymnasium-eckhorst.de\/homepage\/?p=6118"},"modified":"2023-02-06T13:10:26","modified_gmt":"2023-02-06T12:10:26","slug":"rebtv-7-fragen-an-ki","status":"publish","type":"post","link":"https:\/\/gymnasium-eckhorst.de\/homepage\/2023\/02\/06\/rebtv-7-fragen-an-ki\/","title":{"rendered":"REBtv \u2013 7 Fragen an KI"},"content":{"rendered":"\n<div class=\"wp-block-columns alignwide is-layout-flex wp-container-core-columns-is-layout-9d6595d7 wp-block-columns-is-layout-flex\">\n<div class=\"wp-block-column is-layout-flow wp-block-column-is-layout-flow\">\n<p><strong>In diesem Projekt n\u00e4hern wir uns in Kooperation mit dem Offenen Kanal S.-H. auf unterschiedlichen Wegen dem Thema \u201eK\u00fcnstliche Intelligenz\u201c. Es ist offen f\u00fcr Sch\u00fclerinnen und Sch\u00fcler ab Klasse 9.<\/strong><\/p>\n\n\n\n<p><strong>Vorgegeben<\/strong> ist nicht viel: Sch\u00fclerinnen und Sch\u00fcler erforschen, experimentieren, beschreiben oder stellen Fragen, die dann von oder mit Expertinnen und Experten aus Forschung, Handwerk, Wirtschaft, Bildung und Ethik beantwortet werden. Stets medial umgesetzt als Video, dass im Rahmen der Kooperation auf youtube ver\u00f6ffentlicht und landesweit anderen Schulen zur Verf\u00fcgung gestellt wird.<\/p>\n\n\n\n<p><strong>Umfang:<\/strong> Selbstst\u00e4ndige Arbeit, abh\u00e4ngig von deinen pers\u00f6nlichen Ressourcen (auch im Rahmen des Dreht\u00fcrmodells ist eine Teilnahme gut m\u00f6glich!).<\/p>\n\n\n\n<p><strong>Das bringst du mit:<\/strong> Interesse an KI, F\u00e4higkeit zu selbst\u00e4ndigem Forschen und Arbeiten, Bereitschaft, dieses Talent in das oben beschriebene Teamergebnis \u201eMedienproduktion\u201c einzubringen.<\/p>\n\n\n\n<p><strong>Das bekommst du:<\/strong> Coaching und Begleitung nach Bedarf, Ressourcen f\u00fcr deine Arbeit (z.B. sind Honorare f. m\u00f6gliche Gespr\u00e4chspartnerinnen und Gespr\u00e4chspartner m\u00f6glich), Professionelle Unterst\u00fctzung f\u00fcr die Medienproduktion, Einbindung in ein schulweites Gesamtprojekt (REBtv, interessierte SuS und Lehrkr\u00e4fte, OKSH), Chance zur \u00fcberregionalen Publikation deiner Arbeit.<\/p>\n\n\n\n<p>N\u00e4here Infos bei Herrn Schwarz (Sz)<\/p>\n\n\n\n<p><em>Michael Schwarz<\/em><\/p>\n<\/div>\n\n\n\n<div class=\"wp-block-column is-layout-flow wp-block-column-is-layout-flow\">\n<figure class=\"wp-block-image size-large\"><img fetchpriority=\"high\" decoding=\"async\" width=\"897\" height=\"1024\" src=\"https:\/\/gymnasium-eckhorst.de\/homepage\/wp-content\/uploads\/2023\/02\/Plakat-REBtv-7-Fragen-an-KI-897x1024.png\" alt=\"\" class=\"wp-image-6119\" srcset=\"https:\/\/gymnasium-eckhorst.de\/homepage\/wp-content\/uploads\/2023\/02\/Plakat-REBtv-7-Fragen-an-KI-897x1024.png 897w, https:\/\/gymnasium-eckhorst.de\/homepage\/wp-content\/uploads\/2023\/02\/Plakat-REBtv-7-Fragen-an-KI-263x300.png 263w, https:\/\/gymnasium-eckhorst.de\/homepage\/wp-content\/uploads\/2023\/02\/Plakat-REBtv-7-Fragen-an-KI-768x877.png 768w, https:\/\/gymnasium-eckhorst.de\/homepage\/wp-content\/uploads\/2023\/02\/Plakat-REBtv-7-Fragen-an-KI-1345x1536.png 1345w, https:\/\/gymnasium-eckhorst.de\/homepage\/wp-content\/uploads\/2023\/02\/Plakat-REBtv-7-Fragen-an-KI-1793x2048.png 1793w, https:\/\/gymnasium-eckhorst.de\/homepage\/wp-content\/uploads\/2023\/02\/Plakat-REBtv-7-Fragen-an-KI-1200x1371.png 1200w, https:\/\/gymnasium-eckhorst.de\/homepage\/wp-content\/uploads\/2023\/02\/Plakat-REBtv-7-Fragen-an-KI-1980x2262.png 1980w\" sizes=\"(max-width: 897px) 100vw, 897px\" \/><\/figure>\n<\/div>\n<\/div>\n","protected":false},"excerpt":{"rendered":"<p>In diesem Projekt n\u00e4hern wir uns in Kooperation mit dem Offenen Kanal S.-H. auf unterschiedlichen Wegen dem Thema \u201eK\u00fcnstliche Intelligenz\u201c. Es ist offen f\u00fcr Sch\u00fclerinnen und Sch\u00fcler ab Klasse 9. Vorgegeben ist nicht viel: Sch\u00fclerinnen und Sch\u00fcler erforschen, experimentieren, beschreiben oder stellen Fragen, die dann von oder mit Expertinnen und Experten aus Forschung, Handwerk, Wirtschaft, [&hellip;]<\/p>\n","protected":false},"author":3,"featured_media":6119,"comment_status":"closed","ping_status":"closed","sticky":false,"template":"","format":"standard","meta":{"footnotes":""},"categories":[1],"tags":[],"class_list":["post-6118","post","type-post","status-publish","format-standard","has-post-thumbnail","hentry","category-allgemein"],"_links":{"self":[{"href":"https:\/\/gymnasium-eckhorst.de\/homepage\/wp-json\/wp\/v2\/posts\/6118","targetHints":{"allow":["GET"]}}],"collection":[{"href":"https:\/\/gymnasium-eckhorst.de\/homepage\/wp-json\/wp\/v2\/posts"}],"about":[{"href":"https:\/\/gymnasium-eckhorst.de\/homepage\/wp-json\/wp\/v2\/types\/post"}],"author":[{"embeddable":true,"href":"https:\/\/gymnasium-eckhorst.de\/homepage\/wp-json\/wp\/v2\/users\/3"}],"replies":[{"embeddable":true,"href":"https:\/\/gymnasium-eckhorst.de\/homepage\/wp-json\/wp\/v2\/comments?post=6118"}],"version-history":[{"count":3,"href":"https:\/\/gymnasium-eckhorst.de\/homepage\/wp-json\/wp\/v2\/posts\/6118\/revisions"}],"predecessor-version":[{"id":6122,"href":"https:\/\/gymnasium-eckhorst.de\/homepage\/wp-json\/wp\/v2\/posts\/6118\/revisions\/6122"}],"wp:featuredmedia":[{"embeddable":true,"href":"https:\/\/gymnasium-eckhorst.de\/homepage\/wp-json\/wp\/v2\/media\/6119"}],"wp:attachment":[{"href":"https:\/\/gymnasium-eckhorst.de\/homepage\/wp-json\/wp\/v2\/media?parent=6118"}],"wp:term":[{"taxonomy":"category","embeddable":true,"href":"https:\/\/gymnasium-eckhorst.de\/homepage\/wp-json\/wp\/v2\/categories?post=6118"},{"taxonomy":"post_tag","embeddable":true,"href":"https:\/\/gymnasium-eckhorst.de\/homepage\/wp-json\/wp\/v2\/tags?post=6118"}],"curies":[{"name":"wp","href":"https:\/\/api.w.org\/{rel}","templated":true}]}}