{"id":4209,"date":"2022-01-31T16:33:38","date_gmt":"2022-01-31T15:33:38","guid":{"rendered":"https:\/\/gymnasium-eckhorst.de\/homepage\/?p=4209"},"modified":"2022-11-16T07:59:03","modified_gmt":"2022-11-16T06:59:03","slug":"radio-eckhorst-sendet-6-stunden-am-stueck-die-lange-feature-nacht-auf-ukw-98-8","status":"publish","type":"post","link":"https:\/\/gymnasium-eckhorst.de\/homepage\/2022\/01\/31\/radio-eckhorst-sendet-6-stunden-am-stueck-die-lange-feature-nacht-auf-ukw-98-8\/","title":{"rendered":"Radio Eckhorst sendet 6 Stunden am St\u00fcck die \u201elange Feature Nacht\u201c auf UKW 98.8\ufffc"},"content":{"rendered":"\n<div class=\"wp-block-columns alignwide is-layout-flex wp-container-core-columns-is-layout-9d6595d7 wp-block-columns-is-layout-flex\">\n<div class=\"wp-block-column is-layout-flow wp-block-column-is-layout-flow\" style=\"flex-basis:33.33%\">\n<figure class=\"wp-block-image size-large\"><img fetchpriority=\"high\" decoding=\"async\" width=\"724\" height=\"1024\" src=\"https:\/\/gymnasium-eckhorst.de\/homepage\/wp-content\/uploads\/2022\/01\/Feature-Nacht-724x1024.png\" alt=\"\" class=\"wp-image-4211\" srcset=\"https:\/\/gymnasium-eckhorst.de\/homepage\/wp-content\/uploads\/2022\/01\/Feature-Nacht-724x1024.png 724w, https:\/\/gymnasium-eckhorst.de\/homepage\/wp-content\/uploads\/2022\/01\/Feature-Nacht-212x300.png 212w, https:\/\/gymnasium-eckhorst.de\/homepage\/wp-content\/uploads\/2022\/01\/Feature-Nacht-768x1086.png 768w, https:\/\/gymnasium-eckhorst.de\/homepage\/wp-content\/uploads\/2022\/01\/Feature-Nacht-1086x1536.png 1086w, https:\/\/gymnasium-eckhorst.de\/homepage\/wp-content\/uploads\/2022\/01\/Feature-Nacht-1448x2048.png 1448w, https:\/\/gymnasium-eckhorst.de\/homepage\/wp-content\/uploads\/2022\/01\/Feature-Nacht-1200x1697.png 1200w, https:\/\/gymnasium-eckhorst.de\/homepage\/wp-content\/uploads\/2022\/01\/Feature-Nacht.png 1523w\" sizes=\"(max-width: 724px) 100vw, 724px\" \/><figcaption class=\"wp-element-caption\">Plakat mit den Sendeterminen<\/figcaption><\/figure>\n<\/div>\n\n\n\n<div class=\"wp-block-column is-layout-flow wp-block-column-is-layout-flow\" style=\"flex-basis:66.66%\">\n<h4 class=\"wp-block-heading\" id=\"radio-features-gelten-als-die-konigsklasse-der-horfunkproduktion-jenseits-der-gangigen-zeit-und-formatgrenzen-soll-kino-im-kopf-produziert-werden-das-medienprofil-des-abi-jahrgangs-am-gymnasium-hat-sich-dieser-herausforderung-gestellt-und-radio-eckhorst-publiziert-die-features-nun-als-besonderes-event\"><strong>Radio-Features gelten als die \u201eK\u00f6nigsklasse\u201c der H\u00f6rfunkproduktion. Jenseits der g\u00e4ngigen Zeit- und Formatgrenzen soll \u201eKino im Kopf\u201c produziert werden. Das Medienprofil des Abi-Jahrgangs am Gymnasium hat sich dieser Herausforderung gestellt und Radio Eckhorst publiziert die Features nun als besonderes Event.<\/strong><\/h4>\n\n\n\n<p>\u201eDas hatten wir auch noch nie \u2013 6 Stunden live Sendung auf UKW\u201c, freut sich Felix Tamm, Chefredakteur von Radio Eckhorst Bargteheide (REB). Zusammen mit seiner Kollegin Emma Barchanski hat er eine 6-st\u00fcndige Sendestrecke aus Features und Produktionsinterviews mit dem Medienprofil aufgenommen, die nun am Freitag, den 4.2. als 6 Stunden-Marathon-Sendung auf UKW 98.8 ausgestrahlt wird. <br>Begonnen hat das Abenteuer als Medienseminar des Abiturjahrgangs: \u201eZun\u00e4chst haben wir Features analysiert, das Format mit seinen vielen M\u00f6glichkeiten kannten wir gerade mal als Begriff\u201c, erkl\u00e4rt Ben Grage &nbsp;aus dem Medienprofil. \u201eDann haben wir Expos\u00e9s zu eigenen Themen geschrieben und uns parallel in die Audioschnitttechnik eingearbeitet.\u201c Gecoacht und begleitet wurden die Jugendlichen dabei von H\u00f6rfunkjournalist und &nbsp;Medienlehrer Michael Schwarz, der sich vor allem \u00fcber die inhaltliche Breite der Produktionen freut: \u201eEs sind zum Teil sehr pers\u00f6nliche St\u00fccke geworden. Zum Beispiel \u00fcber die Erfahrungen im einem Auslandsjahr, was eine norddeutsche Insel zu einem Sehnsuchtsort machen kann, \u00fcber die die Auseinandersetzung mit der Eltern- und Gro\u00dfelterngeneration bis hin zu Selbstversuchen, wie das H\u00f6ren bestimmter Musikstile den Alltag beeinflusst &#8211; das ist schon stark\u201c.<\/p>\n<\/div>\n<\/div>\n\n\n\n<div class=\"wp-block-columns alignwide is-layout-flex wp-container-core-columns-is-layout-9d6595d7 wp-block-columns-is-layout-flex\">\n<div class=\"wp-block-column is-layout-flow wp-block-column-is-layout-flow\" style=\"flex-basis:66.66%\">\n<p>Dass Corona als Thema \u00fcberhaupt keine Rolle spielt, wundert ihn dabei nicht. \u201eDie Sch\u00fclerinnen und Sch\u00fcler waren dankbar, sich \u00fcber ein Semester ganz in ihr selbstgew\u00e4hltes Thema vertiefen zu k\u00f6nnen\u201c, erkl\u00e4rt der Medienlehrer, \u201eund das passiert auf sehr ansprechendem Niveau und ist nebenbei eine gute Vorbereitung auf das Studium!\u201c<\/p>\n\n\n\n<p>Insgesamt sind zw\u00f6lf 20-min\u00fctige Features entstanden und da kommt Radio Eckhorst ins Spiel:<\/p>\n\n\n\n<p>\u201eWir haben mit allen Produzentinnen und Produzenten kurze Interviews zu den Hintergr\u00fcnden ihrer Arbeit gef\u00fchrt und freuen uns wahnsinnig dar\u00fcber, dass wir den Marathon am Freitag als \u201eLange Feature Nacht\u201c bei L\u00fcbeck FM auf UKW 98.8 ausstrahlen k\u00f6nnen \u2013 gut in Bargteheide zu empfangen\u201c und mit Event-Charakter, erkl\u00e4rt REB-Chefredakteurin Emma Barchanski.<\/p>\n\n\n\n<p>\u201eUnd wer am Freitag tats\u00e4chlich keine 6 Stunden Zeit hat, kann die Wiederholungen h\u00f6ren, in mundgerechten halbst\u00fcndigen Portionen jeweils dienstags und freitags\u201c, l\u00e4chelt Felix Tamm.<br><br><\/p>\n\n\n\n<p><strong>&nbsp;&nbsp;&nbsp;&nbsp;&nbsp;&nbsp;&nbsp;&nbsp;&nbsp;&nbsp; &nbsp;&nbsp;&nbsp;&nbsp;&nbsp;&nbsp;&nbsp;&nbsp;&nbsp;&nbsp;&nbsp;&nbsp;&nbsp;&nbsp;&nbsp;&nbsp;&nbsp;&nbsp;&nbsp;&nbsp;&nbsp;&nbsp;&nbsp;&nbsp;&nbsp;&nbsp;&nbsp;&nbsp;&nbsp;Sendetermine:<\/strong><\/p>\n\n\n\n<p><strong>L\u00fcbeckFM UKW 98.8 oder Live-Stream<\/strong><\/p>\n\n\n\n<p><strong>4. Februar 2022&nbsp; 19 \u2013 01 Uhr<\/strong><\/p>\n\n\n\n<p><strong>Anschlie\u00dfend<\/strong><\/p>\n\n\n\n<p><strong>Jeden Dienstag&nbsp; 20.00 \u2013 20.30 Uhr Jeden Freitag 12.00 \u2013 12.30 Uhr<\/strong><\/p>\n\n\n\n<p><em>Homepage-Redaktion<\/em><\/p>\n<\/div>\n\n\n\n<div class=\"wp-block-column is-layout-flow wp-block-column-is-layout-flow\" style=\"flex-basis:33.33%\">\n<figure class=\"wp-block-image size-large\"><img decoding=\"async\" width=\"1024\" height=\"768\" src=\"https:\/\/gymnasium-eckhorst.de\/homepage\/wp-content\/uploads\/2022\/01\/Bild-1-1024x768.jpeg\" alt=\"\" class=\"wp-image-4215\" srcset=\"https:\/\/gymnasium-eckhorst.de\/homepage\/wp-content\/uploads\/2022\/01\/Bild-1-1024x768.jpeg 1024w, https:\/\/gymnasium-eckhorst.de\/homepage\/wp-content\/uploads\/2022\/01\/Bild-1-300x225.jpeg 300w, https:\/\/gymnasium-eckhorst.de\/homepage\/wp-content\/uploads\/2022\/01\/Bild-1-768x576.jpeg 768w, https:\/\/gymnasium-eckhorst.de\/homepage\/wp-content\/uploads\/2022\/01\/Bild-1-1536x1152.jpeg 1536w, https:\/\/gymnasium-eckhorst.de\/homepage\/wp-content\/uploads\/2022\/01\/Bild-1-2048x1536.jpeg 2048w, https:\/\/gymnasium-eckhorst.de\/homepage\/wp-content\/uploads\/2022\/01\/Bild-1-1200x900.jpeg 1200w, https:\/\/gymnasium-eckhorst.de\/homepage\/wp-content\/uploads\/2022\/01\/Bild-1-1980x1485.jpeg 1980w\" sizes=\"(max-width: 1024px) 100vw, 1024px\" \/><figcaption class=\"wp-element-caption\"><strong>Im Gespr\u00e4ch \u00fcber ihr Feature: Felix Tamm und Emma Barchanski mit Produzentin Alida Coric (v.l.)<\/strong><\/figcaption><\/figure>\n<\/div>\n<\/div>\n\n\n\n<p><strong>&nbsp;&nbsp;&nbsp;&nbsp;&nbsp;&nbsp;&nbsp;&nbsp;&nbsp;&nbsp; &nbsp;&nbsp;&nbsp;&nbsp;&nbsp;&nbsp;&nbsp;&nbsp;&nbsp;&nbsp;&nbsp;&nbsp;&nbsp;&nbsp;&nbsp;&nbsp;&nbsp;&nbsp;&nbsp;&nbsp;&nbsp;&nbsp;&nbsp;&nbsp;&nbsp;&nbsp;&nbsp;&nbsp;&nbsp;<\/strong><\/p>\n","protected":false},"excerpt":{"rendered":"<p>Radio-Features gelten als die \u201eK\u00f6nigsklasse\u201c der H\u00f6rfunkproduktion. Jenseits der g\u00e4ngigen Zeit- und Formatgrenzen soll \u201eKino im Kopf\u201c produziert werden. Das Medienprofil des Abi-Jahrgangs am Gymnasium hat sich dieser Herausforderung gestellt und Radio Eckhorst publiziert die Features nun als besonderes Event. \u201eDas hatten wir auch noch nie \u2013 6 Stunden live Sendung auf UKW\u201c, freut sich [&hellip;]<\/p>\n","protected":false},"author":3,"featured_media":4215,"comment_status":"closed","ping_status":"closed","sticky":false,"template":"","format":"standard","meta":{"footnotes":""},"categories":[1],"tags":[],"class_list":["post-4209","post","type-post","status-publish","format-standard","has-post-thumbnail","hentry","category-allgemein"],"_links":{"self":[{"href":"https:\/\/gymnasium-eckhorst.de\/homepage\/wp-json\/wp\/v2\/posts\/4209","targetHints":{"allow":["GET"]}}],"collection":[{"href":"https:\/\/gymnasium-eckhorst.de\/homepage\/wp-json\/wp\/v2\/posts"}],"about":[{"href":"https:\/\/gymnasium-eckhorst.de\/homepage\/wp-json\/wp\/v2\/types\/post"}],"author":[{"embeddable":true,"href":"https:\/\/gymnasium-eckhorst.de\/homepage\/wp-json\/wp\/v2\/users\/3"}],"replies":[{"embeddable":true,"href":"https:\/\/gymnasium-eckhorst.de\/homepage\/wp-json\/wp\/v2\/comments?post=4209"}],"version-history":[{"count":8,"href":"https:\/\/gymnasium-eckhorst.de\/homepage\/wp-json\/wp\/v2\/posts\/4209\/revisions"}],"predecessor-version":[{"id":5566,"href":"https:\/\/gymnasium-eckhorst.de\/homepage\/wp-json\/wp\/v2\/posts\/4209\/revisions\/5566"}],"wp:featuredmedia":[{"embeddable":true,"href":"https:\/\/gymnasium-eckhorst.de\/homepage\/wp-json\/wp\/v2\/media\/4215"}],"wp:attachment":[{"href":"https:\/\/gymnasium-eckhorst.de\/homepage\/wp-json\/wp\/v2\/media?parent=4209"}],"wp:term":[{"taxonomy":"category","embeddable":true,"href":"https:\/\/gymnasium-eckhorst.de\/homepage\/wp-json\/wp\/v2\/categories?post=4209"},{"taxonomy":"post_tag","embeddable":true,"href":"https:\/\/gymnasium-eckhorst.de\/homepage\/wp-json\/wp\/v2\/tags?post=4209"}],"curies":[{"name":"wp","href":"https:\/\/api.w.org\/{rel}","templated":true}]}}