{"id":2682,"date":"2020-12-16T10:25:27","date_gmt":"2020-12-16T09:25:27","guid":{"rendered":"https:\/\/gymnasium-eckhorst.de\/homepage\/?p=2682"},"modified":"2022-11-16T08:14:47","modified_gmt":"2022-11-16T07:14:47","slug":"auftritt-blaeserklasse","status":"publish","type":"post","link":"https:\/\/gymnasium-eckhorst.de\/homepage\/2020\/12\/16\/auftritt-blaeserklasse\/","title":{"rendered":"Auftritt Bl\u00e4serklasse"},"content":{"rendered":"\n<div class=\"wp-block-columns alignwide is-layout-flex wp-container-core-columns-is-layout-9d6595d7 wp-block-columns-is-layout-flex\">\n<div class=\"wp-block-column is-layout-flow wp-block-column-is-layout-flow\">\n<p>Ein kleiner musikalischer Gru\u00df: Erst seit 3 Monaten lernen die 13 Sch\u00fclerinnen und Sch\u00fcler der Bl\u00e4serklasse 5c ihr Instrument und es w\u00e4re Zeit f\u00fcr einen ersten Auftritt beim Weihnachtskonzert. Dieses kann coronabedingt leider nicht stattfinden, sodass wir der gesamten Schulgemeinschaft auf diesem Wege &#8222;Frohe Weihnachten&#8220; w\u00fcnschen.<br><em>Laura Oberl\u00e4nder<\/em><\/p>\n<\/div>\n<\/div>\n\n\n\n<figure class=\"wp-block-embed alignwide is-type-video is-provider-youtube wp-block-embed-youtube wp-embed-aspect-16-9 wp-has-aspect-ratio\"><div class=\"wp-block-embed__wrapper\">\n<div  id=\"_ytid_87676\" class=\"__youtube_prefs__  __youtube_prefs_gdpr__  epyt-is-override \" allowfullscreen data-no-lazy=\"1\" data-skipgform_ajax_framebjll=\"\"><p><strong>Wir ben\u00f6tigen Ihre Zustimmung, um Ihnen dieses Video zeigen zu k\u00f6nnen.<\/strong><\/p>\n<p>Wenn Sie dieses Video ansehen, erkl\u00e4ren Sie sich damit einverstanden, Cookies und Daten von Youtube\/Google zu laden, was die \u00dcbermittlung Ihrer IP-Adresse voraussetzt. Genauere Informationen finden Sie hier:<\/p>\n<p><a href=\"https:\/\/policies.google.com\/privacy\" target=\"_blank\" rel=\"noopener\">YouTube\/Google Datenschutzerkl\u00e4rung<\/a><\/p>\n<p>Wenn Sie akzeptieren, wird Ihre Zustimmung \u00fcber einen Cookie gespeichert und die Seite wird neu geladen.<\/p>\n<button type=\"button\" class=\"__youtube_prefs_gdpr__\">Akzeptieren<img decoding=\"async\" src=\"https:\/\/gymnasium-eckhorst.de\/homepage\/wp-content\/plugins\/youtube-embed-plus\/images\/icon-check.png\" alt=\"accept\" data-no-lazy=\"1\" data-skipgform_ajax_framebjll=\"\" \/><\/button><\/div>\n<\/div><\/figure>\n\n\n\n<p><\/p>\n","protected":false},"excerpt":{"rendered":"<p>Ein kleiner musikalischer Gru\u00df: Erst seit 3 Monaten lernen die 13 Sch\u00fclerinnen und Sch\u00fcler der Bl\u00e4serklasse 5c ihr Instrument und es w\u00e4re Zeit f\u00fcr einen ersten Auftritt beim Weihnachtskonzert. Dieses kann coronabedingt leider nicht stattfinden, sodass wir der gesamten Schulgemeinschaft auf diesem Wege &#8222;Frohe Weihnachten&#8220; w\u00fcnschen.Laura Oberl\u00e4nder<\/p>\n","protected":false},"author":3,"featured_media":2685,"comment_status":"closed","ping_status":"closed","sticky":false,"template":"","format":"standard","meta":{"footnotes":""},"categories":[1],"tags":[],"class_list":["post-2682","post","type-post","status-publish","format-standard","has-post-thumbnail","hentry","category-allgemein"],"_links":{"self":[{"href":"https:\/\/gymnasium-eckhorst.de\/homepage\/wp-json\/wp\/v2\/posts\/2682","targetHints":{"allow":["GET"]}}],"collection":[{"href":"https:\/\/gymnasium-eckhorst.de\/homepage\/wp-json\/wp\/v2\/posts"}],"about":[{"href":"https:\/\/gymnasium-eckhorst.de\/homepage\/wp-json\/wp\/v2\/types\/post"}],"author":[{"embeddable":true,"href":"https:\/\/gymnasium-eckhorst.de\/homepage\/wp-json\/wp\/v2\/users\/3"}],"replies":[{"embeddable":true,"href":"https:\/\/gymnasium-eckhorst.de\/homepage\/wp-json\/wp\/v2\/comments?post=2682"}],"version-history":[{"count":4,"href":"https:\/\/gymnasium-eckhorst.de\/homepage\/wp-json\/wp\/v2\/posts\/2682\/revisions"}],"predecessor-version":[{"id":5643,"href":"https:\/\/gymnasium-eckhorst.de\/homepage\/wp-json\/wp\/v2\/posts\/2682\/revisions\/5643"}],"wp:featuredmedia":[{"embeddable":true,"href":"https:\/\/gymnasium-eckhorst.de\/homepage\/wp-json\/wp\/v2\/media\/2685"}],"wp:attachment":[{"href":"https:\/\/gymnasium-eckhorst.de\/homepage\/wp-json\/wp\/v2\/media?parent=2682"}],"wp:term":[{"taxonomy":"category","embeddable":true,"href":"https:\/\/gymnasium-eckhorst.de\/homepage\/wp-json\/wp\/v2\/categories?post=2682"},{"taxonomy":"post_tag","embeddable":true,"href":"https:\/\/gymnasium-eckhorst.de\/homepage\/wp-json\/wp\/v2\/tags?post=2682"}],"curies":[{"name":"wp","href":"https:\/\/api.w.org\/{rel}","templated":true}]}}