{"id":2025,"date":"2020-09-19T16:42:15","date_gmt":"2020-09-19T14:42:15","guid":{"rendered":"https:\/\/gymnasium-eckhorst.de\/homepage\/?p=2025"},"modified":"2022-11-16T08:18:08","modified_gmt":"2022-11-16T07:18:08","slug":"lichtblick-fuer-das-ostel-jugendhotel","status":"publish","type":"post","link":"https:\/\/gymnasium-eckhorst.de\/homepage\/2020\/09\/19\/lichtblick-fuer-das-ostel-jugendhotel\/","title":{"rendered":"Lichtblick f\u00fcr das \u201eOstel\u201c-Jugendhotel"},"content":{"rendered":"\n<div class=\"wp-block-columns alignwide is-layout-flex wp-container-core-columns-is-layout-9d6595d7 wp-block-columns-is-layout-flex\">\n<div class=\"wp-block-column is-layout-flow wp-block-column-is-layout-flow\" style=\"flex-basis:66.66%\">\n<h4 class=\"has-text-align-left wp-block-heading\">Ehemaliger Bremerv\u00f6rder besucht mit achter Klasse des Gymnasiums Bargteheide seine Geburtsstadt<\/h4>\n\n\n\n<p>[\u2026] Wie jedes Hotel oder gastronomische Betrieb hat auch das Bremerv\u00f6rder \u201eOstel\u201c-Jugendhotel in Corona-Zeiten nur wenige G\u00e4ste und somit nur geringe Einnahmen. Da freuten sich die Betreiber, dass k\u00fcrzlich eine Schulklasse aus Schleswig-Holstein zu Gast war. Die Lehrkr\u00e4fte Claudia Vogel und der geb\u00fcrtige Bremerv\u00f6rder Ole Bussenius besuchten die Ostestadt mit einer achten Klasse des Eckhorst Gymnasiums Bargteheide. Das \u201eOstel\u201c-Team machte den Besuch unter Beachtung aller Vorschriften m\u00f6glich. <\/p>\n\n\n\n<p>Ole Bussenius lobte das Engagement der Herbergsleitung, die im Vorfeld unter anderem die Kontakte zum NABU hergestellt hatte. Bereits am Anreisetag wurde das Projekt \u201eWaldArt\u201c genutzt. Es folgte das Projekt \u201eWald erleben\u201c, und auch ein Spieletag in der Sporthalle Gnarrenburger Stra\u00dfe geh\u00f6rten zum Programm f\u00fcr Sch\u00fcler und Lehrer. Ein Filmnachmittag, eine Paddeltour auf der Oste und der Besuch des \u201eDelphino\u201c fanden ebenfalls die begeisterte Zustimmung der Achtkl\u00e4ssler. Ein Highlight war dar\u00fcber hinaus eine Fledermaus-Nachtwanderung, die wiederum der NABU ausrichtete. <br>Bussenius\u2018 Kollegin Claudia Vogel war begeistert, was Bremerv\u00f6rde alles zu bieten hat, und der Klasse gefiel es nat\u00fcrlich auch. Es habe sich gezeigt, dass Bremerv\u00f6rde und das \u201eOstel\u201c auch in der schwierigen Corona-Zeit ein lohnendes Ziel f\u00fcr Klassenfahrten sei, hie\u00df es.<\/p>\n\n\n\n<p><em>Aus: Bremerv\u00f6rder Zeitung im September 2020<\/em><br><\/p>\n<\/div>\n\n\n\n<div class=\"wp-block-column is-layout-flow wp-block-column-is-layout-flow\" style=\"flex-basis:33.33%\">\n<figure class=\"wp-block-image size-large\"><img fetchpriority=\"high\" decoding=\"async\" width=\"1024\" height=\"768\" src=\"https:\/\/gymnasium-eckhorst.de\/homepage\/wp-content\/uploads\/2020\/09\/Bremervoerde-I-1024x768.jpg\" alt=\"\" class=\"wp-image-2026\" srcset=\"https:\/\/gymnasium-eckhorst.de\/homepage\/wp-content\/uploads\/2020\/09\/Bremervoerde-I-1024x768.jpg 1024w, https:\/\/gymnasium-eckhorst.de\/homepage\/wp-content\/uploads\/2020\/09\/Bremervoerde-I-300x225.jpg 300w, https:\/\/gymnasium-eckhorst.de\/homepage\/wp-content\/uploads\/2020\/09\/Bremervoerde-I-768x576.jpg 768w, https:\/\/gymnasium-eckhorst.de\/homepage\/wp-content\/uploads\/2020\/09\/Bremervoerde-I.jpg 1040w\" sizes=\"(max-width: 1024px) 100vw, 1024px\" \/><figcaption class=\"wp-element-caption\">Sch\u00fcler wie Lehrer hatten jede Menge Spa\u00df in Bremerv\u00f6rde.<\/figcaption><\/figure>\n\n\n\n<figure class=\"wp-block-image size-large\"><img decoding=\"async\" width=\"1000\" height=\"750\" src=\"https:\/\/gymnasium-eckhorst.de\/homepage\/wp-content\/uploads\/2020\/09\/Bremervoerde-II-1.jpg\" alt=\"\" class=\"wp-image-2030\" srcset=\"https:\/\/gymnasium-eckhorst.de\/homepage\/wp-content\/uploads\/2020\/09\/Bremervoerde-II-1.jpg 1000w, https:\/\/gymnasium-eckhorst.de\/homepage\/wp-content\/uploads\/2020\/09\/Bremervoerde-II-1-300x225.jpg 300w, https:\/\/gymnasium-eckhorst.de\/homepage\/wp-content\/uploads\/2020\/09\/Bremervoerde-II-1-768x576.jpg 768w\" sizes=\"(max-width: 1000px) 100vw, 1000px\" \/><figcaption class=\"wp-element-caption\">Auch ein Spieltag in der Turnhalle geh\u00f6rte zum Programm.<\/figcaption><\/figure>\n\n\n\n<p><\/p>\n<\/div>\n<\/div>\n\n\n\n<div class=\"wp-block-columns alignwide is-layout-flex wp-container-core-columns-is-layout-9d6595d7 wp-block-columns-is-layout-flex\">\n<div class=\"wp-block-column is-layout-flow wp-block-column-is-layout-flow\" style=\"flex-basis:33.33%\"><\/div>\n\n\n\n<div class=\"wp-block-column is-layout-flow wp-block-column-is-layout-flow\" style=\"flex-basis:66.66%\">\n<p><\/p>\n<\/div>\n<\/div>\n","protected":false},"excerpt":{"rendered":"<p>Ehemaliger Bremerv\u00f6rder besucht mit achter Klasse des Gymnasiums Bargteheide seine Geburtsstadt [\u2026] Wie jedes Hotel oder gastronomische Betrieb hat auch das Bremerv\u00f6rder \u201eOstel\u201c-Jugendhotel in Corona-Zeiten nur wenige G\u00e4ste und somit nur geringe Einnahmen. Da freuten sich die Betreiber, dass k\u00fcrzlich eine Schulklasse aus Schleswig-Holstein zu Gast war. Die Lehrkr\u00e4fte Claudia Vogel und der geb\u00fcrtige Bremerv\u00f6rder [&hellip;]<\/p>\n","protected":false},"author":3,"featured_media":2026,"comment_status":"closed","ping_status":"closed","sticky":false,"template":"","format":"standard","meta":{"footnotes":""},"categories":[1],"tags":[],"class_list":["post-2025","post","type-post","status-publish","format-standard","has-post-thumbnail","hentry","category-allgemein"],"_links":{"self":[{"href":"https:\/\/gymnasium-eckhorst.de\/homepage\/wp-json\/wp\/v2\/posts\/2025","targetHints":{"allow":["GET"]}}],"collection":[{"href":"https:\/\/gymnasium-eckhorst.de\/homepage\/wp-json\/wp\/v2\/posts"}],"about":[{"href":"https:\/\/gymnasium-eckhorst.de\/homepage\/wp-json\/wp\/v2\/types\/post"}],"author":[{"embeddable":true,"href":"https:\/\/gymnasium-eckhorst.de\/homepage\/wp-json\/wp\/v2\/users\/3"}],"replies":[{"embeddable":true,"href":"https:\/\/gymnasium-eckhorst.de\/homepage\/wp-json\/wp\/v2\/comments?post=2025"}],"version-history":[{"count":7,"href":"https:\/\/gymnasium-eckhorst.de\/homepage\/wp-json\/wp\/v2\/posts\/2025\/revisions"}],"predecessor-version":[{"id":5665,"href":"https:\/\/gymnasium-eckhorst.de\/homepage\/wp-json\/wp\/v2\/posts\/2025\/revisions\/5665"}],"wp:featuredmedia":[{"embeddable":true,"href":"https:\/\/gymnasium-eckhorst.de\/homepage\/wp-json\/wp\/v2\/media\/2026"}],"wp:attachment":[{"href":"https:\/\/gymnasium-eckhorst.de\/homepage\/wp-json\/wp\/v2\/media?parent=2025"}],"wp:term":[{"taxonomy":"category","embeddable":true,"href":"https:\/\/gymnasium-eckhorst.de\/homepage\/wp-json\/wp\/v2\/categories?post=2025"},{"taxonomy":"post_tag","embeddable":true,"href":"https:\/\/gymnasium-eckhorst.de\/homepage\/wp-json\/wp\/v2\/tags?post=2025"}],"curies":[{"name":"wp","href":"https:\/\/api.w.org\/{rel}","templated":true}]}}