{"id":18206,"date":"2026-04-26T09:54:44","date_gmt":"2026-04-26T07:54:44","guid":{"rendered":"https:\/\/gymnasium-eckhorst.de\/homepage\/?p=18206"},"modified":"2026-04-26T09:54:44","modified_gmt":"2026-04-26T07:54:44","slug":"medienkompetenzpreis-sh-und-3-000-euro-fuer-reb","status":"publish","type":"post","link":"https:\/\/gymnasium-eckhorst.de\/homepage\/2026\/04\/26\/medienkompetenzpreis-sh-und-3-000-euro-fuer-reb\/","title":{"rendered":"Medienkompetenzpreis SH und 3.000 Euro f\u00fcr REB"},"content":{"rendered":"\n<p>Am 24. April wurde REB bei der Gala der Staatskanzlei f\u00fcr das Projekt &#8222;REB goes StorminiFM&#8220; mit dem Medienkompetenzpreis 2026 ausgezeichnet, der mit 3.000 Euro dotiert ist.<\/p>\n\n\n\n<figure class=\"wp-block-image size-full\"><img fetchpriority=\"high\" decoding=\"async\" width=\"584\" height=\"640\" src=\"https:\/\/gymnasium-eckhorst.de\/homepage\/wp-content\/uploads\/2026\/04\/IMG_5647.jpeg\" alt=\"\" class=\"wp-image-18207\" srcset=\"https:\/\/gymnasium-eckhorst.de\/homepage\/wp-content\/uploads\/2026\/04\/IMG_5647.jpeg 584w, https:\/\/gymnasium-eckhorst.de\/homepage\/wp-content\/uploads\/2026\/04\/IMG_5647-274x300.jpeg 274w\" sizes=\"(max-width: 584px) 100vw, 584px\" \/><\/figure>\n\n\n\n<p>Unser Schulradio setzte sich dabei in einem starken Feld von knapp 50 eingereichten Projekten durch, die allesamt preisw\u00fcrdig waren. &nbsp;Die Jury betonte in ihrer Laudatio besonders die Professionalit\u00e4t der beteiligten Sch\u00fclerinnen und Sch\u00fcler und deren hohes au\u00dferunterrichtliches Engagement, den beispielhaften Peer-to-Peer-Charakter des Kinderstadtradios und die leuchtturmartige Kooperation zwischen Kreisjugendring Stormarn und dem Lern- und Medienzentrum, denn alle REB-Teamer werden vor ihrem Einsatz in Stormini zu Jugendgruppenleiterinnen und Jugendgruppenleitern ausgebildet.<\/p>\n\n\n\n<figure class=\"wp-block-image size-large\"><img decoding=\"async\" width=\"804\" height=\"1024\" src=\"https:\/\/gymnasium-eckhorst.de\/homepage\/wp-content\/uploads\/2026\/04\/IMG_5680-804x1024.jpg\" alt=\"\" class=\"wp-image-18210\" srcset=\"https:\/\/gymnasium-eckhorst.de\/homepage\/wp-content\/uploads\/2026\/04\/IMG_5680-804x1024.jpg 804w, https:\/\/gymnasium-eckhorst.de\/homepage\/wp-content\/uploads\/2026\/04\/IMG_5680-236x300.jpg 236w, https:\/\/gymnasium-eckhorst.de\/homepage\/wp-content\/uploads\/2026\/04\/IMG_5680-768x978.jpg 768w, https:\/\/gymnasium-eckhorst.de\/homepage\/wp-content\/uploads\/2026\/04\/IMG_5680.jpg 960w\" sizes=\"(max-width: 804px) 100vw, 804px\" \/><\/figure>\n\n\n\n<p>Nach 2021 und 2023 geht damit bereits die dritte Auszeichnung an das Lern- und Medienzentrum unserer Schule.<\/p>\n\n\n\n<figure class=\"wp-block-image size-full\"><img decoding=\"async\" width=\"480\" height=\"640\" src=\"https:\/\/gymnasium-eckhorst.de\/homepage\/wp-content\/uploads\/2026\/04\/IMG_5663-rotated.jpeg\" alt=\"\" class=\"wp-image-18208\" srcset=\"https:\/\/gymnasium-eckhorst.de\/homepage\/wp-content\/uploads\/2026\/04\/IMG_5663-rotated.jpeg 480w, https:\/\/gymnasium-eckhorst.de\/homepage\/wp-content\/uploads\/2026\/04\/IMG_5663-225x300.jpeg 225w\" sizes=\"(max-width: 480px) 100vw, 480px\" \/><\/figure>\n\n\n\n<p>Herzlichen Gl\u00fcckwunsch an Henri Bruhn, Nikolai Lobbel, Caitlin Morrissey, Jakob Oesterreich, Arne Tamm, Mia Wenzel und an unseren OGS-Mitarbeiter Felix Tamm, der mit der Crew auch in diesen Sommerferien wieder Kinderstadt-Radio anbieten wird!<\/p>\n\n\n\n<p>Danke an Medien-Bufdi Swantje Jacobsen f\u00fcr die Erstellung des interaktiven Pr\u00e4sentationsplakats!<\/p>\n\n\n\n<figure class=\"wp-block-image size-full\"><img loading=\"lazy\" decoding=\"async\" width=\"640\" height=\"618\" src=\"https:\/\/gymnasium-eckhorst.de\/homepage\/wp-content\/uploads\/2026\/04\/IMG_5679.jpeg\" alt=\"\" class=\"wp-image-18209\" srcset=\"https:\/\/gymnasium-eckhorst.de\/homepage\/wp-content\/uploads\/2026\/04\/IMG_5679.jpeg 640w, https:\/\/gymnasium-eckhorst.de\/homepage\/wp-content\/uploads\/2026\/04\/IMG_5679-300x290.jpeg 300w\" sizes=\"(max-width: 640px) 100vw, 640px\" \/><\/figure>\n","protected":false},"excerpt":{"rendered":"<p>Am 24. April wurde REB bei der Gala der Staatskanzlei f\u00fcr das Projekt &#8222;REB goes StorminiFM&#8220; mit dem Medienkompetenzpreis 2026 ausgezeichnet, der mit 3.000 Euro dotiert ist. Unser Schulradio setzte sich dabei in einem starken Feld von knapp 50 eingereichten Projekten durch, die allesamt preisw\u00fcrdig waren. &nbsp;Die Jury betonte in ihrer Laudatio besonders die Professionalit\u00e4t [&hellip;]<\/p>\n","protected":false},"author":17,"featured_media":18207,"comment_status":"closed","ping_status":"closed","sticky":false,"template":"","format":"standard","meta":{"footnotes":""},"categories":[1],"tags":[],"class_list":["post-18206","post","type-post","status-publish","format-standard","has-post-thumbnail","hentry","category-allgemein"],"_links":{"self":[{"href":"https:\/\/gymnasium-eckhorst.de\/homepage\/wp-json\/wp\/v2\/posts\/18206","targetHints":{"allow":["GET"]}}],"collection":[{"href":"https:\/\/gymnasium-eckhorst.de\/homepage\/wp-json\/wp\/v2\/posts"}],"about":[{"href":"https:\/\/gymnasium-eckhorst.de\/homepage\/wp-json\/wp\/v2\/types\/post"}],"author":[{"embeddable":true,"href":"https:\/\/gymnasium-eckhorst.de\/homepage\/wp-json\/wp\/v2\/users\/17"}],"replies":[{"embeddable":true,"href":"https:\/\/gymnasium-eckhorst.de\/homepage\/wp-json\/wp\/v2\/comments?post=18206"}],"version-history":[{"count":1,"href":"https:\/\/gymnasium-eckhorst.de\/homepage\/wp-json\/wp\/v2\/posts\/18206\/revisions"}],"predecessor-version":[{"id":18211,"href":"https:\/\/gymnasium-eckhorst.de\/homepage\/wp-json\/wp\/v2\/posts\/18206\/revisions\/18211"}],"wp:featuredmedia":[{"embeddable":true,"href":"https:\/\/gymnasium-eckhorst.de\/homepage\/wp-json\/wp\/v2\/media\/18207"}],"wp:attachment":[{"href":"https:\/\/gymnasium-eckhorst.de\/homepage\/wp-json\/wp\/v2\/media?parent=18206"}],"wp:term":[{"taxonomy":"category","embeddable":true,"href":"https:\/\/gymnasium-eckhorst.de\/homepage\/wp-json\/wp\/v2\/categories?post=18206"},{"taxonomy":"post_tag","embeddable":true,"href":"https:\/\/gymnasium-eckhorst.de\/homepage\/wp-json\/wp\/v2\/tags?post=18206"}],"curies":[{"name":"wp","href":"https:\/\/api.w.org\/{rel}","templated":true}]}}