{"id":18017,"date":"2026-02-20T13:46:03","date_gmt":"2026-02-20T12:46:03","guid":{"rendered":"https:\/\/gymnasium-eckhorst.de\/homepage\/?p=18017"},"modified":"2026-02-20T13:46:03","modified_gmt":"2026-02-20T12:46:03","slug":"e1-medienprofil-zu-gast-beim-ndr","status":"publish","type":"post","link":"https:\/\/gymnasium-eckhorst.de\/homepage\/2026\/02\/20\/e1-medienprofil-zu-gast-beim-ndr\/","title":{"rendered":"E1 Medienprofil zu Gast beim NDR\u00a0"},"content":{"rendered":"\n<p>\u201eGewalt in den Medien \u2013 was sie mit uns macht und wie wir mit ihr umgehen k\u00f6nnen.\u201c&nbsp;<\/p>\n\n\n\n<p>So lautete der etwas sperrige Titel eines spannenden und aktivierenden Workshop-Tages, den das E1 Geo\/Medienprofil begleitet von Herrn Troche und Herrn Schwarz im Januar im Mediencampus des NDR in Hamburg verleben durfte. Es ging dabei nicht nur um medienethische Fragen, wie in Medien \u00fcber Gewalt berichtet wird, sondern auch um die Frage, an welchen Stellen Medien selbst Gewalt aus\u00fcben k\u00f6nnen. Dazu wurden Tageszeitungen vergleichsweise analysiert und in Gruppenpr\u00e4sentationen vorgestellt. Fazit: anregend und erkenntnisreich, sicherlich nicht die letzte Exkursion dieses Profils.<\/p>\n\n\n\n<figure class=\"wp-block-image size-full\"><img fetchpriority=\"high\" decoding=\"async\" width=\"480\" height=\"640\" src=\"https:\/\/gymnasium-eckhorst.de\/homepage\/wp-content\/uploads\/2026\/02\/IMG_5270-rotated.jpeg\" alt=\"\" class=\"wp-image-18022\" srcset=\"https:\/\/gymnasium-eckhorst.de\/homepage\/wp-content\/uploads\/2026\/02\/IMG_5270-rotated.jpeg 480w, https:\/\/gymnasium-eckhorst.de\/homepage\/wp-content\/uploads\/2026\/02\/IMG_5270-225x300.jpeg 225w\" sizes=\"(max-width: 480px) 100vw, 480px\" \/><\/figure>\n","protected":false},"excerpt":{"rendered":"<p>\u201eGewalt in den Medien \u2013 was sie mit uns macht und wie wir mit ihr umgehen k\u00f6nnen.\u201c&nbsp; So lautete der etwas sperrige Titel eines spannenden und aktivierenden Workshop-Tages, den das E1 Geo\/Medienprofil begleitet von Herrn Troche und Herrn Schwarz im Januar im Mediencampus des NDR in Hamburg verleben durfte. Es ging dabei nicht nur um [&hellip;]<\/p>\n","protected":false},"author":3,"featured_media":18022,"comment_status":"closed","ping_status":"closed","sticky":false,"template":"","format":"standard","meta":{"footnotes":""},"categories":[1],"tags":[],"class_list":["post-18017","post","type-post","status-publish","format-standard","has-post-thumbnail","hentry","category-allgemein"],"_links":{"self":[{"href":"https:\/\/gymnasium-eckhorst.de\/homepage\/wp-json\/wp\/v2\/posts\/18017","targetHints":{"allow":["GET"]}}],"collection":[{"href":"https:\/\/gymnasium-eckhorst.de\/homepage\/wp-json\/wp\/v2\/posts"}],"about":[{"href":"https:\/\/gymnasium-eckhorst.de\/homepage\/wp-json\/wp\/v2\/types\/post"}],"author":[{"embeddable":true,"href":"https:\/\/gymnasium-eckhorst.de\/homepage\/wp-json\/wp\/v2\/users\/3"}],"replies":[{"embeddable":true,"href":"https:\/\/gymnasium-eckhorst.de\/homepage\/wp-json\/wp\/v2\/comments?post=18017"}],"version-history":[{"count":1,"href":"https:\/\/gymnasium-eckhorst.de\/homepage\/wp-json\/wp\/v2\/posts\/18017\/revisions"}],"predecessor-version":[{"id":18023,"href":"https:\/\/gymnasium-eckhorst.de\/homepage\/wp-json\/wp\/v2\/posts\/18017\/revisions\/18023"}],"wp:featuredmedia":[{"embeddable":true,"href":"https:\/\/gymnasium-eckhorst.de\/homepage\/wp-json\/wp\/v2\/media\/18022"}],"wp:attachment":[{"href":"https:\/\/gymnasium-eckhorst.de\/homepage\/wp-json\/wp\/v2\/media?parent=18017"}],"wp:term":[{"taxonomy":"category","embeddable":true,"href":"https:\/\/gymnasium-eckhorst.de\/homepage\/wp-json\/wp\/v2\/categories?post=18017"},{"taxonomy":"post_tag","embeddable":true,"href":"https:\/\/gymnasium-eckhorst.de\/homepage\/wp-json\/wp\/v2\/tags?post=18017"}],"curies":[{"name":"wp","href":"https:\/\/api.w.org\/{rel}","templated":true}]}}