{"id":17878,"date":"2026-01-28T10:25:30","date_gmt":"2026-01-28T09:25:30","guid":{"rendered":"https:\/\/gymnasium-eckhorst.de\/homepage\/?p=17878"},"modified":"2026-01-28T10:25:30","modified_gmt":"2026-01-28T09:25:30","slug":"deutsch-franzoesischer-tag-am-eckhorst","status":"publish","type":"post","link":"https:\/\/gymnasium-eckhorst.de\/homepage\/2026\/01\/28\/deutsch-franzoesischer-tag-am-eckhorst\/","title":{"rendered":"Deutsch-Franz\u00f6sischer Tag am Eckhorst"},"content":{"rendered":"\n<p>Am 22. Januar feierte der Franz\u00f6sischkurs des Q1-Jahrgangs den Deutsch-Franz\u00f6sischen Tag. Mit selbstgestalteten Plakaten pr\u00e4sentierten die Sch\u00fclerinnen und Sch\u00fcler facettenreiche Einblicke in die franz\u00f6sische Kultur und Sprache. So konnten sich Sch\u00fclerinnen und Sch\u00fcler zum Beispiel \u00fcber die deutsch-franz\u00f6sische Geschichte sowie Beziehungen informieren oder sich mit Vorurteilen auseinandersetzen. F\u00fcr das leibliche Wohl war ebenfalls bestens gesorgt: Der Duft frisch gebackener Cr\u00eapes lockte Viele an. Ein sch\u00f6ner Beitrag, um die deutsch-franz\u00f6sische Freundschaft hochleben zu lassen.<\/p>\n\n\n\n<p><em>K. Fiedler<\/em><\/p>\n\n\n\n<figure class=\"wp-block-gallery has-nested-images columns-default is-cropped wp-block-gallery-1 is-layout-flex wp-block-gallery-is-layout-flex\">\n<figure class=\"wp-block-image size-large\"><img fetchpriority=\"high\" decoding=\"async\" width=\"1024\" height=\"768\" data-id=\"17882\" src=\"https:\/\/gymnasium-eckhorst.de\/homepage\/wp-content\/uploads\/2026\/01\/IMG_0654-1024x768.jpeg\" alt=\"\" class=\"wp-image-17882\" srcset=\"https:\/\/gymnasium-eckhorst.de\/homepage\/wp-content\/uploads\/2026\/01\/IMG_0654-1024x768.jpeg 1024w, https:\/\/gymnasium-eckhorst.de\/homepage\/wp-content\/uploads\/2026\/01\/IMG_0654-300x225.jpeg 300w, https:\/\/gymnasium-eckhorst.de\/homepage\/wp-content\/uploads\/2026\/01\/IMG_0654-768x576.jpeg 768w, https:\/\/gymnasium-eckhorst.de\/homepage\/wp-content\/uploads\/2026\/01\/IMG_0654-1536x1152.jpeg 1536w, https:\/\/gymnasium-eckhorst.de\/homepage\/wp-content\/uploads\/2026\/01\/IMG_0654-2048x1536.jpeg 2048w, https:\/\/gymnasium-eckhorst.de\/homepage\/wp-content\/uploads\/2026\/01\/IMG_0654-1200x900.jpeg 1200w, https:\/\/gymnasium-eckhorst.de\/homepage\/wp-content\/uploads\/2026\/01\/IMG_0654-1980x1485.jpeg 1980w\" sizes=\"(max-width: 1024px) 100vw, 1024px\" \/><\/figure>\n\n\n\n<figure class=\"wp-block-image size-large\"><img decoding=\"async\" width=\"1024\" height=\"768\" data-id=\"17880\" src=\"https:\/\/gymnasium-eckhorst.de\/homepage\/wp-content\/uploads\/2026\/01\/IMG_0645-1024x768.jpeg\" alt=\"\" class=\"wp-image-17880\" srcset=\"https:\/\/gymnasium-eckhorst.de\/homepage\/wp-content\/uploads\/2026\/01\/IMG_0645-1024x768.jpeg 1024w, https:\/\/gymnasium-eckhorst.de\/homepage\/wp-content\/uploads\/2026\/01\/IMG_0645-300x225.jpeg 300w, https:\/\/gymnasium-eckhorst.de\/homepage\/wp-content\/uploads\/2026\/01\/IMG_0645-768x576.jpeg 768w, https:\/\/gymnasium-eckhorst.de\/homepage\/wp-content\/uploads\/2026\/01\/IMG_0645-1536x1152.jpeg 1536w, https:\/\/gymnasium-eckhorst.de\/homepage\/wp-content\/uploads\/2026\/01\/IMG_0645-2048x1536.jpeg 2048w, https:\/\/gymnasium-eckhorst.de\/homepage\/wp-content\/uploads\/2026\/01\/IMG_0645-1200x900.jpeg 1200w, https:\/\/gymnasium-eckhorst.de\/homepage\/wp-content\/uploads\/2026\/01\/IMG_0645-1980x1485.jpeg 1980w\" sizes=\"(max-width: 1024px) 100vw, 1024px\" \/><\/figure>\n\n\n\n<figure class=\"wp-block-image size-large\"><img decoding=\"async\" width=\"1024\" height=\"768\" data-id=\"17881\" src=\"https:\/\/gymnasium-eckhorst.de\/homepage\/wp-content\/uploads\/2026\/01\/IMG_0650-1024x768.jpeg\" alt=\"\" class=\"wp-image-17881\" srcset=\"https:\/\/gymnasium-eckhorst.de\/homepage\/wp-content\/uploads\/2026\/01\/IMG_0650-1024x768.jpeg 1024w, https:\/\/gymnasium-eckhorst.de\/homepage\/wp-content\/uploads\/2026\/01\/IMG_0650-300x225.jpeg 300w, https:\/\/gymnasium-eckhorst.de\/homepage\/wp-content\/uploads\/2026\/01\/IMG_0650-768x576.jpeg 768w, https:\/\/gymnasium-eckhorst.de\/homepage\/wp-content\/uploads\/2026\/01\/IMG_0650-1536x1152.jpeg 1536w, https:\/\/gymnasium-eckhorst.de\/homepage\/wp-content\/uploads\/2026\/01\/IMG_0650-2048x1536.jpeg 2048w, https:\/\/gymnasium-eckhorst.de\/homepage\/wp-content\/uploads\/2026\/01\/IMG_0650-1200x900.jpeg 1200w, https:\/\/gymnasium-eckhorst.de\/homepage\/wp-content\/uploads\/2026\/01\/IMG_0650-1980x1485.jpeg 1980w\" sizes=\"(max-width: 1024px) 100vw, 1024px\" \/><\/figure>\n\n\n\n<figure class=\"wp-block-image size-large\"><img loading=\"lazy\" decoding=\"async\" width=\"1024\" height=\"768\" data-id=\"17879\" src=\"https:\/\/gymnasium-eckhorst.de\/homepage\/wp-content\/uploads\/2026\/01\/IMG_0642-1024x768.jpeg\" alt=\"\" class=\"wp-image-17879\" srcset=\"https:\/\/gymnasium-eckhorst.de\/homepage\/wp-content\/uploads\/2026\/01\/IMG_0642-1024x768.jpeg 1024w, https:\/\/gymnasium-eckhorst.de\/homepage\/wp-content\/uploads\/2026\/01\/IMG_0642-300x225.jpeg 300w, https:\/\/gymnasium-eckhorst.de\/homepage\/wp-content\/uploads\/2026\/01\/IMG_0642-768x576.jpeg 768w, https:\/\/gymnasium-eckhorst.de\/homepage\/wp-content\/uploads\/2026\/01\/IMG_0642-1536x1152.jpeg 1536w, https:\/\/gymnasium-eckhorst.de\/homepage\/wp-content\/uploads\/2026\/01\/IMG_0642-2048x1536.jpeg 2048w, https:\/\/gymnasium-eckhorst.de\/homepage\/wp-content\/uploads\/2026\/01\/IMG_0642-1200x900.jpeg 1200w, https:\/\/gymnasium-eckhorst.de\/homepage\/wp-content\/uploads\/2026\/01\/IMG_0642-1980x1485.jpeg 1980w\" sizes=\"(max-width: 1024px) 100vw, 1024px\" \/><\/figure>\n<\/figure>\n","protected":false},"excerpt":{"rendered":"<p>Am 22. Januar feierte der Franz\u00f6sischkurs des Q1-Jahrgangs den Deutsch-Franz\u00f6sischen Tag. Mit selbstgestalteten Plakaten pr\u00e4sentierten die Sch\u00fclerinnen und Sch\u00fcler facettenreiche Einblicke in die franz\u00f6sische Kultur und Sprache. So konnten sich Sch\u00fclerinnen und Sch\u00fcler zum Beispiel \u00fcber die deutsch-franz\u00f6sische Geschichte sowie Beziehungen informieren oder sich mit Vorurteilen auseinandersetzen. F\u00fcr das leibliche Wohl war ebenfalls bestens gesorgt: [&hellip;]<\/p>\n","protected":false},"author":3,"featured_media":17879,"comment_status":"closed","ping_status":"closed","sticky":false,"template":"","format":"standard","meta":{"footnotes":""},"categories":[11],"tags":[],"class_list":["post-17878","post","type-post","status-publish","format-standard","has-post-thumbnail","hentry","category-europa"],"_links":{"self":[{"href":"https:\/\/gymnasium-eckhorst.de\/homepage\/wp-json\/wp\/v2\/posts\/17878","targetHints":{"allow":["GET"]}}],"collection":[{"href":"https:\/\/gymnasium-eckhorst.de\/homepage\/wp-json\/wp\/v2\/posts"}],"about":[{"href":"https:\/\/gymnasium-eckhorst.de\/homepage\/wp-json\/wp\/v2\/types\/post"}],"author":[{"embeddable":true,"href":"https:\/\/gymnasium-eckhorst.de\/homepage\/wp-json\/wp\/v2\/users\/3"}],"replies":[{"embeddable":true,"href":"https:\/\/gymnasium-eckhorst.de\/homepage\/wp-json\/wp\/v2\/comments?post=17878"}],"version-history":[{"count":1,"href":"https:\/\/gymnasium-eckhorst.de\/homepage\/wp-json\/wp\/v2\/posts\/17878\/revisions"}],"predecessor-version":[{"id":17883,"href":"https:\/\/gymnasium-eckhorst.de\/homepage\/wp-json\/wp\/v2\/posts\/17878\/revisions\/17883"}],"wp:featuredmedia":[{"embeddable":true,"href":"https:\/\/gymnasium-eckhorst.de\/homepage\/wp-json\/wp\/v2\/media\/17879"}],"wp:attachment":[{"href":"https:\/\/gymnasium-eckhorst.de\/homepage\/wp-json\/wp\/v2\/media?parent=17878"}],"wp:term":[{"taxonomy":"category","embeddable":true,"href":"https:\/\/gymnasium-eckhorst.de\/homepage\/wp-json\/wp\/v2\/categories?post=17878"},{"taxonomy":"post_tag","embeddable":true,"href":"https:\/\/gymnasium-eckhorst.de\/homepage\/wp-json\/wp\/v2\/tags?post=17878"}],"curies":[{"name":"wp","href":"https:\/\/api.w.org\/{rel}","templated":true}]}}