{"id":17755,"date":"2025-12-18T09:09:54","date_gmt":"2025-12-18T08:09:54","guid":{"rendered":"https:\/\/gymnasium-eckhorst.de\/homepage\/?p=17755"},"modified":"2025-12-18T09:09:54","modified_gmt":"2025-12-18T08:09:54","slug":"adventsbasar-zur-vorweihnachtszeit","status":"publish","type":"post","link":"https:\/\/gymnasium-eckhorst.de\/homepage\/2025\/12\/18\/adventsbasar-zur-vorweihnachtszeit\/","title":{"rendered":"Adventsbasar zur Vorweihnachtszeit"},"content":{"rendered":"\n<p>Am 05.12. fand am Gymnasium Eckhorst der traditionelle Adventsbasar statt. Bei dieser vorweihnachtlichen Veranstaltung verwandelten Sch\u00fclerinnen und Sch\u00fcler, Lehrkr\u00e4fte sowie engagierte Eltern die Schule in einen stimmungsvollen Treffpunkt der Adventszeit. In der Kuhle sowie in der Mensa wurden an zahlreichen, von den Klassen liebevoll organisierten St\u00e4nden eine Vielzahl von K\u00f6stlichkeiten und selbstgebastelten Geschenken angeboten.<\/p>\n\n\n\n<p>F\u00fcr eine festliche musikalische Einstimmung auf die Weihnachtszeit sorgte die Musikklasse 7c, die gemeinsam mit der B\u00fchnentechnik-AG unter der Leitung von Klemens Risse das Lied \u201eLast Christmas\u201c pr\u00e4sentierte und so zur besonderen Atmosph\u00e4re des Nachmittags beitrug.<\/p>\n\n\n\n<p>Der Adventsbasar war gut besucht und bot allen Beteiligten die Gelegenheit, die Vorfreude auf das Weihnachtsfest zu teilen und in angenehmer Atmosph\u00e4re zusammenzukommen.<\/p>\n\n\n\n<p><em>Homepage-AG<\/em><\/p>\n\n\n\n<figure class=\"wp-block-gallery has-nested-images columns-default is-cropped wp-block-gallery-1 is-layout-flex wp-block-gallery-is-layout-flex\">\n<figure class=\"wp-block-image alignwide size-large\"><img fetchpriority=\"high\" decoding=\"async\" width=\"1024\" height=\"768\" data-id=\"17763\" src=\"https:\/\/gymnasium-eckhorst.de\/homepage\/wp-content\/uploads\/2025\/12\/IMG-20251217-WA0017-1-1024x768.jpg\" alt=\"\" class=\"wp-image-17763\" srcset=\"https:\/\/gymnasium-eckhorst.de\/homepage\/wp-content\/uploads\/2025\/12\/IMG-20251217-WA0017-1-1024x768.jpg 1024w, https:\/\/gymnasium-eckhorst.de\/homepage\/wp-content\/uploads\/2025\/12\/IMG-20251217-WA0017-1-300x225.jpg 300w, https:\/\/gymnasium-eckhorst.de\/homepage\/wp-content\/uploads\/2025\/12\/IMG-20251217-WA0017-1-768x576.jpg 768w, https:\/\/gymnasium-eckhorst.de\/homepage\/wp-content\/uploads\/2025\/12\/IMG-20251217-WA0017-1-1536x1152.jpg 1536w, https:\/\/gymnasium-eckhorst.de\/homepage\/wp-content\/uploads\/2025\/12\/IMG-20251217-WA0017-1-2048x1536.jpg 2048w, https:\/\/gymnasium-eckhorst.de\/homepage\/wp-content\/uploads\/2025\/12\/IMG-20251217-WA0017-1-1200x900.jpg 1200w, https:\/\/gymnasium-eckhorst.de\/homepage\/wp-content\/uploads\/2025\/12\/IMG-20251217-WA0017-1-1980x1485.jpg 1980w\" sizes=\"(max-width: 1024px) 100vw, 1024px\" \/><\/figure>\n\n\n\n<figure class=\"wp-block-image size-large\"><img decoding=\"async\" width=\"1024\" height=\"768\" data-id=\"17762\" src=\"https:\/\/gymnasium-eckhorst.de\/homepage\/wp-content\/uploads\/2025\/12\/IMG-20251217-WA0018-1024x768.jpg\" alt=\"\" class=\"wp-image-17762\" srcset=\"https:\/\/gymnasium-eckhorst.de\/homepage\/wp-content\/uploads\/2025\/12\/IMG-20251217-WA0018-1024x768.jpg 1024w, https:\/\/gymnasium-eckhorst.de\/homepage\/wp-content\/uploads\/2025\/12\/IMG-20251217-WA0018-300x225.jpg 300w, https:\/\/gymnasium-eckhorst.de\/homepage\/wp-content\/uploads\/2025\/12\/IMG-20251217-WA0018-768x576.jpg 768w, https:\/\/gymnasium-eckhorst.de\/homepage\/wp-content\/uploads\/2025\/12\/IMG-20251217-WA0018-1536x1152.jpg 1536w, https:\/\/gymnasium-eckhorst.de\/homepage\/wp-content\/uploads\/2025\/12\/IMG-20251217-WA0018-2048x1536.jpg 2048w, https:\/\/gymnasium-eckhorst.de\/homepage\/wp-content\/uploads\/2025\/12\/IMG-20251217-WA0018-1200x900.jpg 1200w, https:\/\/gymnasium-eckhorst.de\/homepage\/wp-content\/uploads\/2025\/12\/IMG-20251217-WA0018-1980x1485.jpg 1980w\" sizes=\"(max-width: 1024px) 100vw, 1024px\" \/><\/figure>\n<\/figure>\n","protected":false},"excerpt":{"rendered":"<p>Am 05.12. fand am Gymnasium Eckhorst der traditionelle Adventsbasar statt. Bei dieser vorweihnachtlichen Veranstaltung verwandelten Sch\u00fclerinnen und Sch\u00fcler, Lehrkr\u00e4fte sowie engagierte Eltern die Schule in einen stimmungsvollen Treffpunkt der Adventszeit. In der Kuhle sowie in der Mensa wurden an zahlreichen, von den Klassen liebevoll organisierten St\u00e4nden eine Vielzahl von K\u00f6stlichkeiten und selbstgebastelten Geschenken angeboten. F\u00fcr [&hellip;]<\/p>\n","protected":false},"author":6,"featured_media":17763,"comment_status":"closed","ping_status":"closed","sticky":false,"template":"","format":"standard","meta":{"footnotes":""},"categories":[1],"tags":[],"class_list":["post-17755","post","type-post","status-publish","format-standard","has-post-thumbnail","hentry","category-allgemein"],"_links":{"self":[{"href":"https:\/\/gymnasium-eckhorst.de\/homepage\/wp-json\/wp\/v2\/posts\/17755","targetHints":{"allow":["GET"]}}],"collection":[{"href":"https:\/\/gymnasium-eckhorst.de\/homepage\/wp-json\/wp\/v2\/posts"}],"about":[{"href":"https:\/\/gymnasium-eckhorst.de\/homepage\/wp-json\/wp\/v2\/types\/post"}],"author":[{"embeddable":true,"href":"https:\/\/gymnasium-eckhorst.de\/homepage\/wp-json\/wp\/v2\/users\/6"}],"replies":[{"embeddable":true,"href":"https:\/\/gymnasium-eckhorst.de\/homepage\/wp-json\/wp\/v2\/comments?post=17755"}],"version-history":[{"count":4,"href":"https:\/\/gymnasium-eckhorst.de\/homepage\/wp-json\/wp\/v2\/posts\/17755\/revisions"}],"predecessor-version":[{"id":17764,"href":"https:\/\/gymnasium-eckhorst.de\/homepage\/wp-json\/wp\/v2\/posts\/17755\/revisions\/17764"}],"wp:featuredmedia":[{"embeddable":true,"href":"https:\/\/gymnasium-eckhorst.de\/homepage\/wp-json\/wp\/v2\/media\/17763"}],"wp:attachment":[{"href":"https:\/\/gymnasium-eckhorst.de\/homepage\/wp-json\/wp\/v2\/media?parent=17755"}],"wp:term":[{"taxonomy":"category","embeddable":true,"href":"https:\/\/gymnasium-eckhorst.de\/homepage\/wp-json\/wp\/v2\/categories?post=17755"},{"taxonomy":"post_tag","embeddable":true,"href":"https:\/\/gymnasium-eckhorst.de\/homepage\/wp-json\/wp\/v2\/tags?post=17755"}],"curies":[{"name":"wp","href":"https:\/\/api.w.org\/{rel}","templated":true}]}}