{"id":17710,"date":"2025-11-28T13:50:18","date_gmt":"2025-11-28T12:50:18","guid":{"rendered":"https:\/\/gymnasium-eckhorst.de\/homepage\/?p=17710"},"modified":"2025-11-28T13:50:18","modified_gmt":"2025-11-28T12:50:18","slug":"zu-besuch-bei-der-tagesschau","status":"publish","type":"post","link":"https:\/\/gymnasium-eckhorst.de\/homepage\/2025\/11\/28\/zu-besuch-bei-der-tagesschau\/","title":{"rendered":"Zu Besuch bei der Tagesschau"},"content":{"rendered":"\n<p>Der WPK 10 hatte im Rahmen des ARD Jugend-Medientages begleitet von Herrn Schwarz und Medienbufdi Swantje die Chance, die TikTok Redaktion der Tagesschau in Hamburg zu besuchen.<\/p>\n\n\n\n<figure class=\"wp-block-image size-full\"><img fetchpriority=\"high\" decoding=\"async\" width=\"640\" height=\"640\" src=\"https:\/\/gymnasium-eckhorst.de\/homepage\/wp-content\/uploads\/2025\/11\/IMG_4732.jpeg\" alt=\"\" class=\"wp-image-17712\" srcset=\"https:\/\/gymnasium-eckhorst.de\/homepage\/wp-content\/uploads\/2025\/11\/IMG_4732.jpeg 640w, https:\/\/gymnasium-eckhorst.de\/homepage\/wp-content\/uploads\/2025\/11\/IMG_4732-300x300.jpeg 300w, https:\/\/gymnasium-eckhorst.de\/homepage\/wp-content\/uploads\/2025\/11\/IMG_4732-150x150.jpeg 150w\" sizes=\"(max-width: 640px) 100vw, 640px\" \/><\/figure>\n\n\n\n<p>Pragmatisch und individuell begleitet wurde der Kurs von der Redakteurin Beg\u00fcm &nbsp;D\u00fczg\u00fcn und dem Pr\u00e4sentator Felix Edeha, die sich bereitwillig in die Karten der speziellen Aufbereitung seri\u00f6ser Nachrichten f\u00fcr Social Media- Formate blicken lie\u00dfen und von die eigen Versuchen des Kurses sehr angetan waren.<\/p>\n\n\n\n<figure class=\"wp-block-image size-full\"><img decoding=\"async\" width=\"640\" height=\"480\" src=\"https:\/\/gymnasium-eckhorst.de\/homepage\/wp-content\/uploads\/2025\/11\/IMG_4725.jpeg\" alt=\"\" class=\"wp-image-17713\" srcset=\"https:\/\/gymnasium-eckhorst.de\/homepage\/wp-content\/uploads\/2025\/11\/IMG_4725.jpeg 640w, https:\/\/gymnasium-eckhorst.de\/homepage\/wp-content\/uploads\/2025\/11\/IMG_4725-300x225.jpeg 300w\" sizes=\"(max-width: 640px) 100vw, 640px\" \/><\/figure>\n\n\n\n<p>Abgerundet wurde der Tag durch einen Blick in den regiere Raum der Tagesschau, der direkt an das Sendestudio angrenzt.<\/p>\n\n\n\n<p>Fazit: Seri\u00f6ser Journalismus ist moderner als m\u00f6glicherweise gedacht und von Profis lernen macht Spa\u00df.<\/p>\n\n\n\n<p>Am Rande des Besuches entstand ein Beitrag f\u00fcr Radio Eckhorst, der hier nachzuh\u00f6ren ist:&nbsp;<a target=\"_blank\" href=\"https:\/\/radio-eckhorst.de\/index.php\/hoeren\/1271-reb-goes-tagesschau\" rel=\"noreferrer noopener\">https:\/\/radio-eckhorst.de\/index.php\/hoeren\/1271-reb-goes-tagesschau<\/a><\/p>\n\n\n\n<figure class=\"wp-block-image size-full\"><img decoding=\"async\" width=\"480\" height=\"640\" src=\"https:\/\/gymnasium-eckhorst.de\/homepage\/wp-content\/uploads\/2025\/11\/IMG_4734-rotated.jpeg\" alt=\"\" class=\"wp-image-17711\" srcset=\"https:\/\/gymnasium-eckhorst.de\/homepage\/wp-content\/uploads\/2025\/11\/IMG_4734-rotated.jpeg 480w, https:\/\/gymnasium-eckhorst.de\/homepage\/wp-content\/uploads\/2025\/11\/IMG_4734-225x300.jpeg 225w\" sizes=\"(max-width: 480px) 100vw, 480px\" \/><\/figure>\n","protected":false},"excerpt":{"rendered":"<p>Der WPK 10 hatte im Rahmen des ARD Jugend-Medientages begleitet von Herrn Schwarz und Medienbufdi Swantje die Chance, die TikTok Redaktion der Tagesschau in Hamburg zu besuchen. Pragmatisch und individuell begleitet wurde der Kurs von der Redakteurin Beg\u00fcm &nbsp;D\u00fczg\u00fcn und dem Pr\u00e4sentator Felix Edeha, die sich bereitwillig in die Karten der speziellen Aufbereitung seri\u00f6ser Nachrichten [&hellip;]<\/p>\n","protected":false},"author":17,"featured_media":17712,"comment_status":"closed","ping_status":"closed","sticky":false,"template":"","format":"standard","meta":{"footnotes":""},"categories":[1],"tags":[],"class_list":["post-17710","post","type-post","status-publish","format-standard","has-post-thumbnail","hentry","category-allgemein"],"_links":{"self":[{"href":"https:\/\/gymnasium-eckhorst.de\/homepage\/wp-json\/wp\/v2\/posts\/17710","targetHints":{"allow":["GET"]}}],"collection":[{"href":"https:\/\/gymnasium-eckhorst.de\/homepage\/wp-json\/wp\/v2\/posts"}],"about":[{"href":"https:\/\/gymnasium-eckhorst.de\/homepage\/wp-json\/wp\/v2\/types\/post"}],"author":[{"embeddable":true,"href":"https:\/\/gymnasium-eckhorst.de\/homepage\/wp-json\/wp\/v2\/users\/17"}],"replies":[{"embeddable":true,"href":"https:\/\/gymnasium-eckhorst.de\/homepage\/wp-json\/wp\/v2\/comments?post=17710"}],"version-history":[{"count":1,"href":"https:\/\/gymnasium-eckhorst.de\/homepage\/wp-json\/wp\/v2\/posts\/17710\/revisions"}],"predecessor-version":[{"id":17714,"href":"https:\/\/gymnasium-eckhorst.de\/homepage\/wp-json\/wp\/v2\/posts\/17710\/revisions\/17714"}],"wp:featuredmedia":[{"embeddable":true,"href":"https:\/\/gymnasium-eckhorst.de\/homepage\/wp-json\/wp\/v2\/media\/17712"}],"wp:attachment":[{"href":"https:\/\/gymnasium-eckhorst.de\/homepage\/wp-json\/wp\/v2\/media?parent=17710"}],"wp:term":[{"taxonomy":"category","embeddable":true,"href":"https:\/\/gymnasium-eckhorst.de\/homepage\/wp-json\/wp\/v2\/categories?post=17710"},{"taxonomy":"post_tag","embeddable":true,"href":"https:\/\/gymnasium-eckhorst.de\/homepage\/wp-json\/wp\/v2\/tags?post=17710"}],"curies":[{"name":"wp","href":"https:\/\/api.w.org\/{rel}","templated":true}]}}