{"id":17642,"date":"2025-11-21T13:55:41","date_gmt":"2025-11-21T12:55:41","guid":{"rendered":"https:\/\/gymnasium-eckhorst.de\/homepage\/?p=17642"},"modified":"2025-11-21T14:00:37","modified_gmt":"2025-11-21T13:00:37","slug":"bundesweiter-vorlesetag-an-unserer-schule-ein-fest-des-zuhoerens-und-entdeckens","status":"publish","type":"post","link":"https:\/\/gymnasium-eckhorst.de\/homepage\/2025\/11\/21\/bundesweiter-vorlesetag-an-unserer-schule-ein-fest-des-zuhoerens-und-entdeckens\/","title":{"rendered":"Bundesweiter Vorlesetag an unserer Schule \u2013 Ein Fest des Zuh\u00f6rens und Entdeckens"},"content":{"rendered":"\n<p>Jedes Jahr am bundesweiten Vorlesetag verwandelt sich unsere Schule in einen lebendigen Ort voller Geschichten, Fantasie und Gemeinschaft. Seit vielen Jahren ist dieser besondere Tag ein fester Bestandteil unseres Schulkalenders \u2013 und vor allem f\u00fcr unsere neuen F\u00fcnftkl\u00e4ssler*innen ein echtes Highlight.<\/p>\n\n\n\n<p>In kleinen Gruppen ziehen die Sch\u00fclerinnen und Sch\u00fcler durch das gesamte Schulgeb\u00e4ude. Jeder Raum wird zu einem eigenen Leseort, jeder Stopp er\u00f6ffnet ein neues Kapitel \u2013 im wahrsten Sinne des Wortes.<\/p>\n\n\n\n<p>An den verschiedenen Stationen erwarten sie ganz unterschiedliche Vorleserinnen und Vorleser: Lehrkr\u00e4fte, \u00e4ltere Sch\u00fclerinnen und Sch\u00fcler oder engagierte Lesebegeisterte aus der Schulgemeinschaft. Gelesen wird aus Kinder- und Jugendromanen, die spannende Abenteuer, humorvolle Begegnungen oder nachdenkliche Geschichten bereithalten. Die F\u00fcnftkl\u00e4ssler*innen lauschen gebannt, stellen Fragen, tauschen sich aus und entdecken vielleicht sogar ihr n\u00e4chstes Lieblingsbuch.<\/p>\n\n\n\n<p>So bleibt dieser Tag jedes Jahr aufs Neue ein wunderbares Erlebnis, das zeigt: Lesen verbindet. <\/p>\n\n\n\n<p><em>V. L\u00fcthje<\/em><\/p>\n\n\n\n<figure class=\"wp-block-gallery has-nested-images columns-default is-cropped wp-block-gallery-1 is-layout-flex wp-block-gallery-is-layout-flex\">\n<figure class=\"wp-block-image size-large\"><img fetchpriority=\"high\" decoding=\"async\" width=\"768\" height=\"1024\" data-id=\"17694\" src=\"https:\/\/gymnasium-eckhorst.de\/homepage\/wp-content\/uploads\/2025\/11\/IMG_2523-2-768x1024.jpg\" alt=\"\" class=\"wp-image-17694\" srcset=\"https:\/\/gymnasium-eckhorst.de\/homepage\/wp-content\/uploads\/2025\/11\/IMG_2523-2-768x1024.jpg 768w, https:\/\/gymnasium-eckhorst.de\/homepage\/wp-content\/uploads\/2025\/11\/IMG_2523-2-225x300.jpg 225w, https:\/\/gymnasium-eckhorst.de\/homepage\/wp-content\/uploads\/2025\/11\/IMG_2523-2-1152x1536.jpg 1152w, https:\/\/gymnasium-eckhorst.de\/homepage\/wp-content\/uploads\/2025\/11\/IMG_2523-2-1536x2048.jpg 1536w, https:\/\/gymnasium-eckhorst.de\/homepage\/wp-content\/uploads\/2025\/11\/IMG_2523-2-1200x1600.jpg 1200w, https:\/\/gymnasium-eckhorst.de\/homepage\/wp-content\/uploads\/2025\/11\/IMG_2523-2-1980x2640.jpg 1980w, https:\/\/gymnasium-eckhorst.de\/homepage\/wp-content\/uploads\/2025\/11\/IMG_2523-2-scaled.jpg 1920w\" sizes=\"(max-width: 768px) 100vw, 768px\" \/><\/figure>\n\n\n\n<figure class=\"wp-block-image size-large\"><img decoding=\"async\" width=\"768\" height=\"1024\" data-id=\"17690\" src=\"https:\/\/gymnasium-eckhorst.de\/homepage\/wp-content\/uploads\/2025\/11\/IMG_2524-2-768x1024.jpg\" alt=\"\" class=\"wp-image-17690\" srcset=\"https:\/\/gymnasium-eckhorst.de\/homepage\/wp-content\/uploads\/2025\/11\/IMG_2524-2-768x1024.jpg 768w, https:\/\/gymnasium-eckhorst.de\/homepage\/wp-content\/uploads\/2025\/11\/IMG_2524-2-225x300.jpg 225w, https:\/\/gymnasium-eckhorst.de\/homepage\/wp-content\/uploads\/2025\/11\/IMG_2524-2-1152x1536.jpg 1152w, https:\/\/gymnasium-eckhorst.de\/homepage\/wp-content\/uploads\/2025\/11\/IMG_2524-2-1536x2048.jpg 1536w, https:\/\/gymnasium-eckhorst.de\/homepage\/wp-content\/uploads\/2025\/11\/IMG_2524-2-1200x1600.jpg 1200w, https:\/\/gymnasium-eckhorst.de\/homepage\/wp-content\/uploads\/2025\/11\/IMG_2524-2-1980x2640.jpg 1980w, https:\/\/gymnasium-eckhorst.de\/homepage\/wp-content\/uploads\/2025\/11\/IMG_2524-2-scaled.jpg 1920w\" sizes=\"(max-width: 768px) 100vw, 768px\" \/><\/figure>\n\n\n\n<figure class=\"wp-block-image size-large\"><img decoding=\"async\" width=\"768\" height=\"1024\" data-id=\"17691\" src=\"https:\/\/gymnasium-eckhorst.de\/homepage\/wp-content\/uploads\/2025\/11\/IMG_2539-2-768x1024.jpg\" alt=\"\" class=\"wp-image-17691\" srcset=\"https:\/\/gymnasium-eckhorst.de\/homepage\/wp-content\/uploads\/2025\/11\/IMG_2539-2-768x1024.jpg 768w, https:\/\/gymnasium-eckhorst.de\/homepage\/wp-content\/uploads\/2025\/11\/IMG_2539-2-225x300.jpg 225w, https:\/\/gymnasium-eckhorst.de\/homepage\/wp-content\/uploads\/2025\/11\/IMG_2539-2-1152x1536.jpg 1152w, https:\/\/gymnasium-eckhorst.de\/homepage\/wp-content\/uploads\/2025\/11\/IMG_2539-2-1536x2048.jpg 1536w, https:\/\/gymnasium-eckhorst.de\/homepage\/wp-content\/uploads\/2025\/11\/IMG_2539-2-1200x1600.jpg 1200w, https:\/\/gymnasium-eckhorst.de\/homepage\/wp-content\/uploads\/2025\/11\/IMG_2539-2-1980x2640.jpg 1980w, https:\/\/gymnasium-eckhorst.de\/homepage\/wp-content\/uploads\/2025\/11\/IMG_2539-2-scaled.jpg 1920w\" sizes=\"(max-width: 768px) 100vw, 768px\" \/><\/figure>\n\n\n\n<figure class=\"wp-block-image size-large\"><img loading=\"lazy\" decoding=\"async\" width=\"768\" height=\"1024\" data-id=\"17689\" src=\"https:\/\/gymnasium-eckhorst.de\/homepage\/wp-content\/uploads\/2025\/11\/IMG_2542-2-768x1024.jpg\" alt=\"\" class=\"wp-image-17689\" srcset=\"https:\/\/gymnasium-eckhorst.de\/homepage\/wp-content\/uploads\/2025\/11\/IMG_2542-2-768x1024.jpg 768w, https:\/\/gymnasium-eckhorst.de\/homepage\/wp-content\/uploads\/2025\/11\/IMG_2542-2-225x300.jpg 225w, https:\/\/gymnasium-eckhorst.de\/homepage\/wp-content\/uploads\/2025\/11\/IMG_2542-2-1152x1536.jpg 1152w, https:\/\/gymnasium-eckhorst.de\/homepage\/wp-content\/uploads\/2025\/11\/IMG_2542-2-1536x2048.jpg 1536w, https:\/\/gymnasium-eckhorst.de\/homepage\/wp-content\/uploads\/2025\/11\/IMG_2542-2-1200x1600.jpg 1200w, https:\/\/gymnasium-eckhorst.de\/homepage\/wp-content\/uploads\/2025\/11\/IMG_2542-2-1980x2640.jpg 1980w, https:\/\/gymnasium-eckhorst.de\/homepage\/wp-content\/uploads\/2025\/11\/IMG_2542-2-scaled.jpg 1920w\" sizes=\"(max-width: 768px) 100vw, 768px\" \/><\/figure>\n\n\n\n<figure class=\"wp-block-image size-large\"><img loading=\"lazy\" decoding=\"async\" width=\"768\" height=\"1024\" data-id=\"17693\" src=\"https:\/\/gymnasium-eckhorst.de\/homepage\/wp-content\/uploads\/2025\/11\/IMG_2553-2-768x1024.jpg\" alt=\"\" class=\"wp-image-17693\" srcset=\"https:\/\/gymnasium-eckhorst.de\/homepage\/wp-content\/uploads\/2025\/11\/IMG_2553-2-768x1024.jpg 768w, https:\/\/gymnasium-eckhorst.de\/homepage\/wp-content\/uploads\/2025\/11\/IMG_2553-2-225x300.jpg 225w, https:\/\/gymnasium-eckhorst.de\/homepage\/wp-content\/uploads\/2025\/11\/IMG_2553-2-1152x1536.jpg 1152w, https:\/\/gymnasium-eckhorst.de\/homepage\/wp-content\/uploads\/2025\/11\/IMG_2553-2-1536x2048.jpg 1536w, https:\/\/gymnasium-eckhorst.de\/homepage\/wp-content\/uploads\/2025\/11\/IMG_2553-2-1200x1600.jpg 1200w, https:\/\/gymnasium-eckhorst.de\/homepage\/wp-content\/uploads\/2025\/11\/IMG_2553-2-1980x2640.jpg 1980w, https:\/\/gymnasium-eckhorst.de\/homepage\/wp-content\/uploads\/2025\/11\/IMG_2553-2-scaled.jpg 1920w\" sizes=\"(max-width: 768px) 100vw, 768px\" \/><\/figure>\n\n\n\n<figure class=\"wp-block-image size-large\"><img loading=\"lazy\" decoding=\"async\" width=\"768\" height=\"1024\" data-id=\"17695\" src=\"https:\/\/gymnasium-eckhorst.de\/homepage\/wp-content\/uploads\/2025\/11\/IMG_2570-2-768x1024.jpg\" alt=\"\" class=\"wp-image-17695\" srcset=\"https:\/\/gymnasium-eckhorst.de\/homepage\/wp-content\/uploads\/2025\/11\/IMG_2570-2-768x1024.jpg 768w, https:\/\/gymnasium-eckhorst.de\/homepage\/wp-content\/uploads\/2025\/11\/IMG_2570-2-225x300.jpg 225w, https:\/\/gymnasium-eckhorst.de\/homepage\/wp-content\/uploads\/2025\/11\/IMG_2570-2-1152x1536.jpg 1152w, https:\/\/gymnasium-eckhorst.de\/homepage\/wp-content\/uploads\/2025\/11\/IMG_2570-2-1536x2048.jpg 1536w, https:\/\/gymnasium-eckhorst.de\/homepage\/wp-content\/uploads\/2025\/11\/IMG_2570-2-1200x1600.jpg 1200w, https:\/\/gymnasium-eckhorst.de\/homepage\/wp-content\/uploads\/2025\/11\/IMG_2570-2-1980x2640.jpg 1980w, https:\/\/gymnasium-eckhorst.de\/homepage\/wp-content\/uploads\/2025\/11\/IMG_2570-2-scaled.jpg 1920w\" sizes=\"(max-width: 768px) 100vw, 768px\" \/><\/figure>\n<\/figure>\n","protected":false},"excerpt":{"rendered":"<p>Jedes Jahr am bundesweiten Vorlesetag verwandelt sich unsere Schule in einen lebendigen Ort voller Geschichten, Fantasie und Gemeinschaft. Seit vielen Jahren ist dieser besondere Tag ein fester Bestandteil unseres Schulkalenders \u2013 und vor allem f\u00fcr unsere neuen F\u00fcnftkl\u00e4ssler*innen ein echtes Highlight. In kleinen Gruppen ziehen die Sch\u00fclerinnen und Sch\u00fcler durch das gesamte Schulgeb\u00e4ude. Jeder Raum [&hellip;]<\/p>\n","protected":false},"author":3,"featured_media":17696,"comment_status":"closed","ping_status":"closed","sticky":false,"template":"","format":"standard","meta":{"footnotes":""},"categories":[1],"tags":[],"class_list":["post-17642","post","type-post","status-publish","format-standard","has-post-thumbnail","hentry","category-allgemein"],"_links":{"self":[{"href":"https:\/\/gymnasium-eckhorst.de\/homepage\/wp-json\/wp\/v2\/posts\/17642","targetHints":{"allow":["GET"]}}],"collection":[{"href":"https:\/\/gymnasium-eckhorst.de\/homepage\/wp-json\/wp\/v2\/posts"}],"about":[{"href":"https:\/\/gymnasium-eckhorst.de\/homepage\/wp-json\/wp\/v2\/types\/post"}],"author":[{"embeddable":true,"href":"https:\/\/gymnasium-eckhorst.de\/homepage\/wp-json\/wp\/v2\/users\/3"}],"replies":[{"embeddable":true,"href":"https:\/\/gymnasium-eckhorst.de\/homepage\/wp-json\/wp\/v2\/comments?post=17642"}],"version-history":[{"count":4,"href":"https:\/\/gymnasium-eckhorst.de\/homepage\/wp-json\/wp\/v2\/posts\/17642\/revisions"}],"predecessor-version":[{"id":17697,"href":"https:\/\/gymnasium-eckhorst.de\/homepage\/wp-json\/wp\/v2\/posts\/17642\/revisions\/17697"}],"wp:featuredmedia":[{"embeddable":true,"href":"https:\/\/gymnasium-eckhorst.de\/homepage\/wp-json\/wp\/v2\/media\/17696"}],"wp:attachment":[{"href":"https:\/\/gymnasium-eckhorst.de\/homepage\/wp-json\/wp\/v2\/media?parent=17642"}],"wp:term":[{"taxonomy":"category","embeddable":true,"href":"https:\/\/gymnasium-eckhorst.de\/homepage\/wp-json\/wp\/v2\/categories?post=17642"},{"taxonomy":"post_tag","embeddable":true,"href":"https:\/\/gymnasium-eckhorst.de\/homepage\/wp-json\/wp\/v2\/tags?post=17642"}],"curies":[{"name":"wp","href":"https:\/\/api.w.org\/{rel}","templated":true}]}}