{"id":1241,"date":"2020-05-15T12:13:26","date_gmt":"2020-05-15T10:13:26","guid":{"rendered":"https:\/\/gymnasium-eckhorst.de\/homepage\/?p=1241"},"modified":"2022-11-16T08:21:53","modified_gmt":"2022-11-16T07:21:53","slug":"das-sinnvolle-lernen-in-philosophie-klasse-6","status":"publish","type":"post","link":"https:\/\/gymnasium-eckhorst.de\/homepage\/2020\/05\/15\/das-sinnvolle-lernen-in-philosophie-klasse-6\/","title":{"rendered":"Das sinnvolle Lernen in Philosophie &#8211; Klasse 6"},"content":{"rendered":"\n<h4 class=\"wp-block-heading\"><br>Trotz Corona geht das Lernen weiter<\/h4>\n\n\n\n<p>In der 6. Klasse steht das Thema: \u201eDer Mensch als lernendes Wesen\u201c in Philosophie an, und gerade in diesen Zeiten jetzt muss jede Sch\u00fclerin und jeder Sch\u00fcler, nicht nur in der 6. Klasse, schauen, wie die Aufgaben nicht nur schnell gel\u00f6st werden, sondern wie ein sinnvolles Arbeiten zu gestalten ist, damit nicht sofort alles wieder vergessen wird.<\/p>\n\n\n\n<p>Es lohnt sich in der aktuellen Situation ganz besonders Zeit in Vor\u00fcberlegungen zum Lernen zu investieren, da z.B. eine schwache Motivation das Lernen schnell zur Plage werden lassen kann. So sollte man z.\u202fB. wissen, dass Pausen zum Lernen geh\u00f6ren und sehr wichtig sind.<\/p>\n\n\n\n<p>Es gibt aber nat\u00fcrlich noch mehr Aspekte, deren Beachtung das Lernen erleichtert. Vier Sch\u00fcler*innen haben sich die Arbeit gemacht und ihre Aspekte \u00fcbersichtlich zusammengetragen und hoffen, dass alle von den Tipps profitieren k\u00f6nnen.<\/p>\n\n\n\n<p><em>Anke Plickat, (im Mai 2020)<\/em><\/p>\n\n\n\n<div class=\"wp-block-jetpack-slideshow alignwide\" data-effect=\"slide\"><div class=\"wp-block-jetpack-slideshow_container swiper-container\"><ul class=\"wp-block-jetpack-slideshow_swiper-wrapper swiper-wrapper\"><li class=\"wp-block-jetpack-slideshow_slide swiper-slide\"><figure><img fetchpriority=\"high\" decoding=\"async\" width=\"800\" height=\"533\" alt=\"\" class=\"wp-block-jetpack-slideshow_image wp-image-1106\" data-id=\"1106\" src=\"https:\/\/gymnasium-eckhorst.de\/homepage\/wp-content\/uploads\/2020\/07\/Talisha_Meissner-1.jpg\" srcset=\"https:\/\/gymnasium-eckhorst.de\/homepage\/wp-content\/uploads\/2020\/07\/Talisha_Meissner-1.jpg 800w, https:\/\/gymnasium-eckhorst.de\/homepage\/wp-content\/uploads\/2020\/07\/Talisha_Meissner-1-300x200.jpg 300w, https:\/\/gymnasium-eckhorst.de\/homepage\/wp-content\/uploads\/2020\/07\/Talisha_Meissner-1-768x512.jpg 768w\" sizes=\"(max-width: 800px) 100vw, 800px\" \/><figcaption class=\"wp-block-jetpack-slideshow_caption gallery-caption\">Talisha_Meissner<\/figcaption><\/figure><\/li><li class=\"wp-block-jetpack-slideshow_slide swiper-slide\"><figure><img decoding=\"async\" width=\"814\" height=\"1024\" alt=\"\" class=\"wp-block-jetpack-slideshow_image wp-image-1105\" data-id=\"1105\" src=\"https:\/\/gymnasium-eckhorst.de\/homepage\/wp-content\/uploads\/2020\/07\/Mareh_Schadler_-1-814x1024.jpg\" srcset=\"https:\/\/gymnasium-eckhorst.de\/homepage\/wp-content\/uploads\/2020\/07\/Mareh_Schadler_-1-814x1024.jpg 814w, https:\/\/gymnasium-eckhorst.de\/homepage\/wp-content\/uploads\/2020\/07\/Mareh_Schadler_-1-238x300.jpg 238w, https:\/\/gymnasium-eckhorst.de\/homepage\/wp-content\/uploads\/2020\/07\/Mareh_Schadler_-1-768x967.jpg 768w, https:\/\/gymnasium-eckhorst.de\/homepage\/wp-content\/uploads\/2020\/07\/Mareh_Schadler_-1.jpg 858w\" sizes=\"(max-width: 814px) 100vw, 814px\" \/><figcaption class=\"wp-block-jetpack-slideshow_caption gallery-caption\">Mareh_Schadler<\/figcaption><\/figure><\/li><li class=\"wp-block-jetpack-slideshow_slide swiper-slide\"><figure><img decoding=\"async\" width=\"727\" height=\"1024\" alt=\"\" class=\"wp-block-jetpack-slideshow_image wp-image-1104\" data-id=\"1104\" src=\"https:\/\/gymnasium-eckhorst.de\/homepage\/wp-content\/uploads\/2020\/07\/Sarah_Groll_-1-727x1024.jpg\" srcset=\"https:\/\/gymnasium-eckhorst.de\/homepage\/wp-content\/uploads\/2020\/07\/Sarah_Groll_-1-727x1024.jpg 727w, https:\/\/gymnasium-eckhorst.de\/homepage\/wp-content\/uploads\/2020\/07\/Sarah_Groll_-1-213x300.jpg 213w, https:\/\/gymnasium-eckhorst.de\/homepage\/wp-content\/uploads\/2020\/07\/Sarah_Groll_-1-768x1082.jpg 768w, https:\/\/gymnasium-eckhorst.de\/homepage\/wp-content\/uploads\/2020\/07\/Sarah_Groll_-1.jpg 800w\" sizes=\"(max-width: 727px) 100vw, 727px\" \/><figcaption class=\"wp-block-jetpack-slideshow_caption gallery-caption\">Sarah_Goll<\/figcaption><\/figure><\/li><li class=\"wp-block-jetpack-slideshow_slide swiper-slide\"><figure><img loading=\"lazy\" decoding=\"async\" width=\"716\" height=\"1024\" alt=\"\" class=\"wp-block-jetpack-slideshow_image wp-image-1100\" data-id=\"1100\" src=\"https:\/\/gymnasium-eckhorst.de\/homepage\/wp-content\/uploads\/2020\/07\/Linus_Leschhorn_1.jpg\" srcset=\"https:\/\/gymnasium-eckhorst.de\/homepage\/wp-content\/uploads\/2020\/07\/Linus_Leschhorn_1.jpg 716w, https:\/\/gymnasium-eckhorst.de\/homepage\/wp-content\/uploads\/2020\/07\/Linus_Leschhorn_1-210x300.jpg 210w\" sizes=\"(max-width: 716px) 100vw, 716px\" \/><figcaption class=\"wp-block-jetpack-slideshow_caption gallery-caption\">Linus_Leschhorn_1<\/figcaption><\/figure><\/li><li class=\"wp-block-jetpack-slideshow_slide swiper-slide\"><figure><img loading=\"lazy\" decoding=\"async\" width=\"704\" height=\"1024\" alt=\"\" class=\"wp-block-jetpack-slideshow_image wp-image-1101\" data-id=\"1101\" src=\"https:\/\/gymnasium-eckhorst.de\/homepage\/wp-content\/uploads\/2020\/07\/Linus_Leschhorn_2.jpg\" srcset=\"https:\/\/gymnasium-eckhorst.de\/homepage\/wp-content\/uploads\/2020\/07\/Linus_Leschhorn_2.jpg 704w, https:\/\/gymnasium-eckhorst.de\/homepage\/wp-content\/uploads\/2020\/07\/Linus_Leschhorn_2-206x300.jpg 206w\" sizes=\"(max-width: 704px) 100vw, 704px\" \/><figcaption class=\"wp-block-jetpack-slideshow_caption gallery-caption\">Linus_Leschhorn_2<\/figcaption><\/figure><\/li><li class=\"wp-block-jetpack-slideshow_slide swiper-slide\"><figure><img loading=\"lazy\" decoding=\"async\" width=\"698\" height=\"1024\" alt=\"\" class=\"wp-block-jetpack-slideshow_image wp-image-1102\" data-id=\"1102\" src=\"https:\/\/gymnasium-eckhorst.de\/homepage\/wp-content\/uploads\/2020\/07\/Linus_Leschhorn_3.jpg\" srcset=\"https:\/\/gymnasium-eckhorst.de\/homepage\/wp-content\/uploads\/2020\/07\/Linus_Leschhorn_3.jpg 698w, https:\/\/gymnasium-eckhorst.de\/homepage\/wp-content\/uploads\/2020\/07\/Linus_Leschhorn_3-204x300.jpg 204w\" sizes=\"(max-width: 698px) 100vw, 698px\" \/><figcaption class=\"wp-block-jetpack-slideshow_caption gallery-caption\">Linus_Leschhorn_3<\/figcaption><\/figure><\/li><\/ul><a class=\"wp-block-jetpack-slideshow_button-prev swiper-button-prev swiper-button-white\" role=\"button\"><\/a><a class=\"wp-block-jetpack-slideshow_button-next swiper-button-next swiper-button-white\" role=\"button\"><\/a><a aria-label=\"Pause Slideshow\" class=\"wp-block-jetpack-slideshow_button-pause\" role=\"button\"><\/a><div class=\"wp-block-jetpack-slideshow_pagination swiper-pagination swiper-pagination-white\"><\/div><\/div><\/div>\n","protected":false},"excerpt":{"rendered":"<p>Trotz Corona geht das Lernen weiter In der 6. Klasse steht das Thema: \u201eDer Mensch als lernendes Wesen\u201c in Philosophie an, und gerade in diesen Zeiten jetzt muss jede Sch\u00fclerin und jeder Sch\u00fcler, nicht nur in der 6. Klasse, schauen, wie die Aufgaben nicht nur schnell gel\u00f6st werden, sondern wie ein sinnvolles Arbeiten zu gestalten [&hellip;]<\/p>\n","protected":false},"author":3,"featured_media":1105,"comment_status":"closed","ping_status":"closed","sticky":false,"template":"","format":"standard","meta":{"footnotes":""},"categories":[1],"tags":[],"class_list":["post-1241","post","type-post","status-publish","format-standard","has-post-thumbnail","hentry","category-allgemein"],"_links":{"self":[{"href":"https:\/\/gymnasium-eckhorst.de\/homepage\/wp-json\/wp\/v2\/posts\/1241","targetHints":{"allow":["GET"]}}],"collection":[{"href":"https:\/\/gymnasium-eckhorst.de\/homepage\/wp-json\/wp\/v2\/posts"}],"about":[{"href":"https:\/\/gymnasium-eckhorst.de\/homepage\/wp-json\/wp\/v2\/types\/post"}],"author":[{"embeddable":true,"href":"https:\/\/gymnasium-eckhorst.de\/homepage\/wp-json\/wp\/v2\/users\/3"}],"replies":[{"embeddable":true,"href":"https:\/\/gymnasium-eckhorst.de\/homepage\/wp-json\/wp\/v2\/comments?post=1241"}],"version-history":[{"count":3,"href":"https:\/\/gymnasium-eckhorst.de\/homepage\/wp-json\/wp\/v2\/posts\/1241\/revisions"}],"predecessor-version":[{"id":5683,"href":"https:\/\/gymnasium-eckhorst.de\/homepage\/wp-json\/wp\/v2\/posts\/1241\/revisions\/5683"}],"wp:featuredmedia":[{"embeddable":true,"href":"https:\/\/gymnasium-eckhorst.de\/homepage\/wp-json\/wp\/v2\/media\/1105"}],"wp:attachment":[{"href":"https:\/\/gymnasium-eckhorst.de\/homepage\/wp-json\/wp\/v2\/media?parent=1241"}],"wp:term":[{"taxonomy":"category","embeddable":true,"href":"https:\/\/gymnasium-eckhorst.de\/homepage\/wp-json\/wp\/v2\/categories?post=1241"},{"taxonomy":"post_tag","embeddable":true,"href":"https:\/\/gymnasium-eckhorst.de\/homepage\/wp-json\/wp\/v2\/tags?post=1241"}],"curies":[{"name":"wp","href":"https:\/\/api.w.org\/{rel}","templated":true}]}}